{"id":10,"date":"2007-05-31T21:41:19","date_gmt":"2007-05-31T19:41:19","guid":{"rendered":"http:\/\/reha-psychologie.net\/reha\/?p=10"},"modified":"2010-08-13T11:32:04","modified_gmt":"2010-08-13T09:32:04","slug":"diagnose-boreout-ausgebrannt-vor-langeweile","status":"publish","type":"post","link":"https:\/\/www.psychologie-aktuell.info\/reha\/2007\/05\/diagnose-boreout-ausgebrannt-vor-langeweile\/","title":{"rendered":"Diagnose Boreout &#8211; Ausgebrannt vor Langeweile"},"content":{"rendered":"<p>Philippe Rothlin und\u00c2\u00a0Peter Werder beschreiben eine neue &#8222;Berufskrankheit&#8220;: Ausgebrannt vor Langeweile.<!--more--><\/p>\n<p>Weil der Chef dem Mitarbeiter zu wenig zutraut und zu wenig Verantwortung gibt, wird dieser im Lauf der Zeit von t\u00f6dlicher Langeweile befallen\u00c2\u00a0und tut alles daf\u00fcr, dass es keiner merkt. \u00dcbertr\u00e4gt man dem Betroffenen eine anspruchsvollere Aufgabe, kommt es meist zu einer schlagartigen Besserung der Symptome.<\/p>\n<p><em>Diagnose Boreout, Philippe Rothlin, Peter R. Werder, Redline 2007, 131 S., 17,90 Euro, ISBN 978-3636014627<\/em><\/p>\n<p>Quelle: T-online<\/p>\n","protected":false},"excerpt":{"rendered":"<p>Philippe Rothlin und\u00c2\u00a0Peter Werder beschreiben eine neue &#8222;Berufskrankheit&#8220;: Ausgebrannt vor Langeweile.<\/p>\n","protected":false},"author":1,"featured_media":0,"comment_status":"open","ping_status":"open","sticky":false,"template":"","format":"standard","meta":{"_jetpack_memberships_contains_paid_content":false,"footnotes":""},"categories":[22],"tags":[29,31],"class_list":["post-10","post","type-post","status-publish","format-standard","hentry","category-allgemein","tag-arbeit-beruf","tag-diagnostik"],"jetpack_featured_media_url":"","jetpack_shortlink":"https:\/\/wp.me\/p1fMVY-a","jetpack_sharing_enabled":true,"_links":{"self":[{"href":"https:\/\/www.psychologie-aktuell.info\/reha\/wp-json\/wp\/v2\/posts\/10","targetHints":{"allow":["GET"]}}],"collection":[{"href":"https:\/\/www.psychologie-aktuell.info\/reha\/wp-json\/wp\/v2\/posts"}],"about":[{"href":"https:\/\/www.psychologie-aktuell.info\/reha\/wp-json\/wp\/v2\/types\/post"}],"author":[{"embeddable":true,"href":"https:\/\/www.psychologie-aktuell.info\/reha\/wp-json\/wp\/v2\/users\/1"}],"replies":[{"embeddable":true,"href":"https:\/\/www.psychologie-aktuell.info\/reha\/wp-json\/wp\/v2\/comments?post=10"}],"version-history":[{"count":1,"href":"https:\/\/www.psychologie-aktuell.info\/reha\/wp-json\/wp\/v2\/posts\/10\/revisions"}],"predecessor-version":[{"id":2340,"href":"https:\/\/www.psychologie-aktuell.info\/reha\/wp-json\/wp\/v2\/posts\/10\/revisions\/2340"}],"wp:attachment":[{"href":"https:\/\/www.psychologie-aktuell.info\/reha\/wp-json\/wp\/v2\/media?parent=10"}],"wp:term":[{"taxonomy":"category","embeddable":true,"href":"https:\/\/www.psychologie-aktuell.info\/reha\/wp-json\/wp\/v2\/categories?post=10"},{"taxonomy":"post_tag","embeddable":true,"href":"https:\/\/www.psychologie-aktuell.info\/reha\/wp-json\/wp\/v2\/tags?post=10"}],"curies":[{"name":"wp","href":"https:\/\/api.w.org\/{rel}","templated":true}]}}