{"id":10087,"date":"2015-11-10T06:23:31","date_gmt":"2015-11-10T05:23:31","guid":{"rendered":"http:\/\/www.psychologie-aktuell.info\/reha\/?p=10087"},"modified":"2015-11-09T19:26:29","modified_gmt":"2015-11-09T18:26:29","slug":"datenschutz-persoenliche-notizen-der-psychologen-nicht-in-der-patientenakte-ablegen","status":"publish","type":"post","link":"https:\/\/www.psychologie-aktuell.info\/reha\/2015\/11\/datenschutz-persoenliche-notizen-der-psychologen-nicht-in-der-patientenakte-ablegen\/","title":{"rendered":"Datenschutz: Pers\u00f6nliche Notizen der Psychologen nicht in der Patientenakte ablegen!"},"content":{"rendered":"<p>Im Oktober 2015 wurde unsere Klinik von Mitarbeitern aus dem Bereich Datenschutz der DRV-Bund erstmalig visitiert. In der Abteilung Psychologie wurde der Schwerpunkt der Begehung und Beratung vor allem auf die &#8222;pers\u00f6nlichen Notizen&#8220; des Psychologen \/ der Psychologin gelegt. Mein letzter Stand war, dass die pers\u00f6nlichen Notizen entweder vernichtet, separat im Bereich Psychologie archiviert oder in der Patientenakte abgelegt werden k\u00f6nnen. So wurde es auch von der DRV im entsprechenden Papier bisher empfohlen.<\/p>\n<p>Wie ich erfahren durfte, hat sich hier der Umgang mit den &#8222;Pers\u00f6nlichen Notizen&#8220; stark ver\u00e4ndert. Unter &#8222;Pers\u00f6nlichen Notizen&#8220; sind die handschriftlichen Notizen w\u00e4hrend des Gespr\u00e4ches zu verstehen. Im Regelfall wird dies eine Mischung von ge\u00e4u\u00dferten Tatsachen, Meinungen, Gef\u00fchlen und Einsch\u00e4tzungen des Pat. und ggfs. d. Behandl. sein. Diese d\u00fcrfen <strong>nicht<\/strong> mehr in der Patientenakte abgelegt werden, sondern es muss sichergestellt werden, dass kein &#8222;Anderer&#8220; Zugriff auf diese Unterlagen erh\u00e4lt. Sie m\u00fcssen also nach dem Gespr\u00e4ch (bzw. nach der Abreise oder zu einem sp\u00e4teren Zeitpunkt &#8211; empfohlen wurde ein Jahr, um bei evtl. R\u00fcckfragen darauf zugreifen zu k\u00f6nnen) vernichtet werden oder so archiviert werden, dass kein Unbefugter diese lesen kann. Dies betrifft auch die Kollegen\/innen aus dem Team, die darauf auch nicht zugreifen d\u00fcrfen. Selbst im Fall der Vertretung bzw. \u00dcbernahme von Pat. darf der Koll. die pers\u00f6nlichen Notizen nicht einsehen. Um diese einsehen und f\u00fcr die Behandlung nutzbar zu machen, muss der\/die Pat. eine pers\u00f6nliche Schweigepflichtsentbindung f\u00fcr den\/die Koll. ausstellen.<\/p>\n<p>Im Unterschied zu den pers\u00f6nlichen Aufzeichnungen k\u00f6nnen die allgemeinen Daten und Fakten, also die Angaben im Fragebogen bzw. erhobene Befunde in der allgemeinen Akte abgelegt werden. Diese Daten k\u00f6nnen auch von den Kollegen eingesehen werden. Im Einzelfall ist es sicherlich etwas schwierig hier eine klare Grenze zu ziehen. Im Gespr\u00e4ch kann man die unterschiedlichen Daten bereits auf unterschiedlichen Bl\u00e4ttern notieren, um sp\u00e4ter eine leichtere Trennung der Daten f\u00fcr die Aufbewahrung zu erreichen. Alternativ k\u00f6nnen nach dem Gespr\u00e4ch die allgemeinen Befunddaten bzw. ein kurzer Bericht separat aufgezeichnet werden und in der allgemeinen Akte aufbewahrt werden. Bei den &#8222;pers\u00f6nlichen Notizen&#8220;, d.h. den handschriftlichen Aufzeichnungen w\u00e4hrend des Gespr\u00e4ches ist sicher zu stellen, dass kein anderer zu keinem Zeitpunkt ohne Schweigepflichtsentbindung Zugriff darauf erh\u00e4lt.<\/p>\n<p>In den neuen Unterlagen zum Thema &#8222;<a href=\"http:\/\/www.deutsche-rentenversicherung.de\/Bund\/de\/Inhalt\/2_Rente_Reha\/02_reha\/05_fachinformationen\/03_infos_fuer_reha_einrichtungen\/_downloads\/konzepte\/psychologie\/doku_aufbewahrung_psychodaten_med_reha.html\" target=\"_blank\">Kommunikation, Dokumentation und Aufbewahrung psychologischer Daten in der medizinischen Rehabilitation<\/a>&#8220; (Stand Juli 2015) der DRV Bund wird dieser Umgang mit den pers\u00f6nlichen Notizen auch entsprechend empfohlen.<\/p>\n","protected":false},"excerpt":{"rendered":"<p>Im Oktober 2015 wurde unsere Klinik von Mitarbeitern aus dem Bereich Datenschutz der DRV-Bund erstmalig visitiert. In der Abteilung Psychologie wurde der Schwerpunkt der Begehung und Beratung vor allem auf die &#8222;pers\u00f6nlichen Notizen&#8220; des Psychologen \/ der Psychologin gelegt. Mein &hellip; <a href=\"https:\/\/www.psychologie-aktuell.info\/reha\/2015\/11\/datenschutz-persoenliche-notizen-der-psychologen-nicht-in-der-patientenakte-ablegen\/\">Weiterlesen <span class=\"meta-nav\">&rarr;<\/span><\/a><\/p>\n","protected":false},"author":1,"featured_media":0,"comment_status":"closed","ping_status":"closed","sticky":false,"template":"","format":"standard","meta":{"_jetpack_memberships_contains_paid_content":false,"footnotes":""},"categories":[22],"tags":[],"class_list":["post-10087","post","type-post","status-publish","format-standard","hentry","category-allgemein"],"jetpack_featured_media_url":"","jetpack_shortlink":"https:\/\/wp.me\/p1fMVY-2CH","jetpack_sharing_enabled":true,"_links":{"self":[{"href":"https:\/\/www.psychologie-aktuell.info\/reha\/wp-json\/wp\/v2\/posts\/10087","targetHints":{"allow":["GET"]}}],"collection":[{"href":"https:\/\/www.psychologie-aktuell.info\/reha\/wp-json\/wp\/v2\/posts"}],"about":[{"href":"https:\/\/www.psychologie-aktuell.info\/reha\/wp-json\/wp\/v2\/types\/post"}],"author":[{"embeddable":true,"href":"https:\/\/www.psychologie-aktuell.info\/reha\/wp-json\/wp\/v2\/users\/1"}],"replies":[{"embeddable":true,"href":"https:\/\/www.psychologie-aktuell.info\/reha\/wp-json\/wp\/v2\/comments?post=10087"}],"version-history":[{"count":4,"href":"https:\/\/www.psychologie-aktuell.info\/reha\/wp-json\/wp\/v2\/posts\/10087\/revisions"}],"predecessor-version":[{"id":10289,"href":"https:\/\/www.psychologie-aktuell.info\/reha\/wp-json\/wp\/v2\/posts\/10087\/revisions\/10289"}],"wp:attachment":[{"href":"https:\/\/www.psychologie-aktuell.info\/reha\/wp-json\/wp\/v2\/media?parent=10087"}],"wp:term":[{"taxonomy":"category","embeddable":true,"href":"https:\/\/www.psychologie-aktuell.info\/reha\/wp-json\/wp\/v2\/categories?post=10087"},{"taxonomy":"post_tag","embeddable":true,"href":"https:\/\/www.psychologie-aktuell.info\/reha\/wp-json\/wp\/v2\/tags?post=10087"}],"curies":[{"name":"wp","href":"https:\/\/api.w.org\/{rel}","templated":true}]}}