{"id":10094,"date":"2015-10-24T08:02:59","date_gmt":"2015-10-24T06:02:59","guid":{"rendered":"http:\/\/www.psychologie-aktuell.info\/reha\/?p=10094"},"modified":"2016-03-31T11:10:44","modified_gmt":"2016-03-31T09:10:44","slug":"zertifikat-fachpsychologein-fuer-rehabilitation-bdp","status":"publish","type":"post","link":"https:\/\/www.psychologie-aktuell.info\/reha\/2015\/10\/zertifikat-fachpsychologein-fuer-rehabilitation-bdp\/","title":{"rendered":"Fachpsychologe\/in f\u00fcr Rehabilitation BDP"},"content":{"rendered":"<div class=\"entry-content\">\n<h3>Zertifikat kann ab sofort beantragt werden: Fachpsychologe\/in f\u00fcr Rehabilitation BDP<\/h3>\n<p><!--more--><\/p>\n<p>Die Deutsche Psychologen Akademie (DPA) bietet <strong>ab sofort<\/strong> die Zertifizierungsm\u00f6glichkeit zur Fachpsychologin bzw. zum Fachpsychologen f\u00fcr Rehabilitation BDP an. Die Fachgruppe \u201eKlinische Psychologie in der Rehabilitation\u201c in der Sektion Klinische Psychologie des BDP hat unter Beteiligung einer gr\u00f6\u00dferen Arbeitsgruppe eine Weiterbildung im Bereich Rehabilitationspsychologie entwickelt, die sich mit einem Zertifikat abschlie\u00dfen l\u00e4sst.<\/p>\n<p>Das neue Zertifikat tr\u00e4gt dazu bei, die fachliche Entwicklung und berufliche Identifikation der PsychologInnen in der medizinischen Rehabilitation zu f\u00f6rdern und erworbene Kompetenzen nach au\u00dfen sichtbar zu machen. Insbesondere f\u00fcr PsychologInnen in der ambulanten oder station\u00e4ren Rehabilitation, ergeben sich durch den Nachweis von fachlicher Erfahrung und angeeignetem Wissen interessante M\u00f6glichkeiten, die sie bei Ihrer beruflichen Weiterentwicklung innerhalb der Klinik oder bei Stellenbewerbungen effektiv nutzen k\u00f6nnen.<\/p>\n<p><strong>Weitere Informationen: <\/strong>Alle Informationen und wissenswerte Details zu dem neuen Zertifikat finden Sie in dem Bereich <a href=\"http:\/\/www.psychologenakademie.de\/zertifizierung\/#Anker12\" target=\"_blank\">Zertifizierung<\/a> auf den Seiten der DPA.<\/p>\n<p><strong>Bis zum 31.12.2020 ist f\u00fcr RehabilitationspsychologInnen mit mindestens f\u00fcnfj\u00e4hriger Berufserfahrung die Zertifizierung nach einer \u00dcbergangsregelung m\u00f6glich.<\/strong><br \/>\n<a href=\"http:\/\/www.psychologenakademie.de\/zertifizierung\/#Anker12\" target=\"_blank\">Weitere Informationen und Unterlagen zur Beantragung<\/a><\/p>\n<p>Ansprechpartnerin bei der DPA:<br \/>\nSteffi Baumgarten<br \/>\ns.baumgarten@psychologenakademie.de<br \/>\nTelefon (030) 209 166-314<\/p>\n<\/div>\n","protected":false},"excerpt":{"rendered":"<p>Zertifikat kann ab sofort beantragt werden: Fachpsychologe\/in f\u00fcr Rehabilitation BDP<\/p>\n","protected":false},"author":1,"featured_media":0,"comment_status":"closed","ping_status":"closed","sticky":false,"template":"","format":"standard","meta":{"_jetpack_memberships_contains_paid_content":false,"footnotes":""},"categories":[61,54],"tags":[],"class_list":["post-10094","post","type-post","status-publish","format-standard","hentry","category-arbeitskreis-reha","category-bdp-verband"],"jetpack_featured_media_url":"","jetpack_shortlink":"https:\/\/wp.me\/p1fMVY-2CO","jetpack_sharing_enabled":true,"_links":{"self":[{"href":"https:\/\/www.psychologie-aktuell.info\/reha\/wp-json\/wp\/v2\/posts\/10094","targetHints":{"allow":["GET"]}}],"collection":[{"href":"https:\/\/www.psychologie-aktuell.info\/reha\/wp-json\/wp\/v2\/posts"}],"about":[{"href":"https:\/\/www.psychologie-aktuell.info\/reha\/wp-json\/wp\/v2\/types\/post"}],"author":[{"embeddable":true,"href":"https:\/\/www.psychologie-aktuell.info\/reha\/wp-json\/wp\/v2\/users\/1"}],"replies":[{"embeddable":true,"href":"https:\/\/www.psychologie-aktuell.info\/reha\/wp-json\/wp\/v2\/comments?post=10094"}],"version-history":[{"count":6,"href":"https:\/\/www.psychologie-aktuell.info\/reha\/wp-json\/wp\/v2\/posts\/10094\/revisions"}],"predecessor-version":[{"id":10648,"href":"https:\/\/www.psychologie-aktuell.info\/reha\/wp-json\/wp\/v2\/posts\/10094\/revisions\/10648"}],"wp:attachment":[{"href":"https:\/\/www.psychologie-aktuell.info\/reha\/wp-json\/wp\/v2\/media?parent=10094"}],"wp:term":[{"taxonomy":"category","embeddable":true,"href":"https:\/\/www.psychologie-aktuell.info\/reha\/wp-json\/wp\/v2\/categories?post=10094"},{"taxonomy":"post_tag","embeddable":true,"href":"https:\/\/www.psychologie-aktuell.info\/reha\/wp-json\/wp\/v2\/tags?post=10094"}],"curies":[{"name":"wp","href":"https:\/\/api.w.org\/{rel}","templated":true}]}}