{"id":10494,"date":"2016-01-19T06:02:59","date_gmt":"2016-01-19T05:02:59","guid":{"rendered":"http:\/\/www.psychologie-aktuell.info\/reha\/?p=10494"},"modified":"2016-01-09T10:45:53","modified_gmt":"2016-01-09T09:45:53","slug":"psychotherapeutengesetz-weiterbildung-aus-einer-hand","status":"publish","type":"post","link":"https:\/\/www.psychologie-aktuell.info\/reha\/2016\/01\/psychotherapeutengesetz-weiterbildung-aus-einer-hand\/","title":{"rendered":"Psychotherapeutengesetz: \u201eWeiterbildung aus einer Hand\u201c"},"content":{"rendered":"<blockquote>\n<p>Die Reform der <span class=\"glossary\" title=\"Glossar...\"><span class=\"glossary\" title=\"Glossar...\">Psychotherapeut<\/span><\/span>enausbildung hat eine neue Dynamik bekommen. Zw\u00f6lf Ausbildungs- und Berufsverb\u00e4nde legten Mindestvoraussetzungen f\u00fcr die notwendige Praxis in einer <span class=\"glossary\" title=\"Glossar...\"><span class=\"glossary\" title=\"Glossar...\">psychotherapeut<\/span><\/span>ischen Aus- und Weiterbildung vor.<\/p>\n<\/blockquote>\n<p><a href=\"http:\/\/www.aerzteblatt.de\/archiv\/173255\/Psychotherapeutengesetz-Weiterbildung-aus-einer-Hand\">Deutsches \u00c4rzteblatt: Artikel<\/a><\/p>\n","protected":false},"excerpt":{"rendered":"<p>Die Reform der Psychotherapeutenausbildung hat eine neue Dynamik bekommen. Zw\u00f6lf Ausbildungs- und Berufsverb\u00e4nde legten Mindestvoraussetzungen f\u00fcr die notwendige Praxis in einer psychotherapeutischen Aus- und Weiterbildung vor. Deutsches \u00c4rzteblatt: Artikel<\/p>\n","protected":false},"author":1,"featured_media":0,"comment_status":"closed","ping_status":"closed","sticky":false,"template":"","format":"standard","meta":{"_jetpack_memberships_contains_paid_content":false,"footnotes":""},"categories":[21],"tags":[],"class_list":["post-10494","post","type-post","status-publish","format-standard","hentry","category-zeitschriftenartikel"],"jetpack_featured_media_url":"","jetpack_shortlink":"https:\/\/wp.me\/p1fMVY-2Jg","jetpack_sharing_enabled":true,"_links":{"self":[{"href":"https:\/\/www.psychologie-aktuell.info\/reha\/wp-json\/wp\/v2\/posts\/10494","targetHints":{"allow":["GET"]}}],"collection":[{"href":"https:\/\/www.psychologie-aktuell.info\/reha\/wp-json\/wp\/v2\/posts"}],"about":[{"href":"https:\/\/www.psychologie-aktuell.info\/reha\/wp-json\/wp\/v2\/types\/post"}],"author":[{"embeddable":true,"href":"https:\/\/www.psychologie-aktuell.info\/reha\/wp-json\/wp\/v2\/users\/1"}],"replies":[{"embeddable":true,"href":"https:\/\/www.psychologie-aktuell.info\/reha\/wp-json\/wp\/v2\/comments?post=10494"}],"version-history":[{"count":1,"href":"https:\/\/www.psychologie-aktuell.info\/reha\/wp-json\/wp\/v2\/posts\/10494\/revisions"}],"predecessor-version":[{"id":10495,"href":"https:\/\/www.psychologie-aktuell.info\/reha\/wp-json\/wp\/v2\/posts\/10494\/revisions\/10495"}],"wp:attachment":[{"href":"https:\/\/www.psychologie-aktuell.info\/reha\/wp-json\/wp\/v2\/media?parent=10494"}],"wp:term":[{"taxonomy":"category","embeddable":true,"href":"https:\/\/www.psychologie-aktuell.info\/reha\/wp-json\/wp\/v2\/categories?post=10494"},{"taxonomy":"post_tag","embeddable":true,"href":"https:\/\/www.psychologie-aktuell.info\/reha\/wp-json\/wp\/v2\/tags?post=10494"}],"curies":[{"name":"wp","href":"https:\/\/api.w.org\/{rel}","templated":true}]}}