{"id":10514,"date":"2016-01-11T06:07:19","date_gmt":"2016-01-11T05:07:19","guid":{"rendered":"http:\/\/www.psychologie-aktuell.info\/reha\/?p=10514"},"modified":"2016-01-09T10:41:01","modified_gmt":"2016-01-09T09:41:01","slug":"zigarettenpackungen-kuenftig-mit-abschreckenden-bildern","status":"publish","type":"post","link":"https:\/\/www.psychologie-aktuell.info\/reha\/2016\/01\/zigarettenpackungen-kuenftig-mit-abschreckenden-bildern\/","title":{"rendered":"Zigarettenpackungen k\u00fcnftig mit abschreckenden Bildern"},"content":{"rendered":"<blockquote>\n<p>Zigarettenpackungen sollen auch in Deutschland k\u00fcnftig mit abschreckenden Bildern versehen werden. Das Bundeskabinett verabschiedete am Mittwoch in Berlin einen Gesetzentwurf, mit dem der Kampf gegen das Rauchen weiter versch\u00e4rft werden soll. Die in anderen L\u00e4ndern bereits \u00fcblichen Schockbilder etwa von einem verfaulten Fu\u00df oder einer schwarzen Raucherlunge sollen mehr Menschen vom Rauchen abhalten.<\/p>\n<\/blockquote>\n<p><a href=\"http:\/\/www.aerzteblatt.de\/nachrichten\/65161\/Zigarettenpackungen-kuenftig-mit-abschreckenden-Bildern\">Deutsches \u00c4rzteblatt: Zigarettenpackungen k\u00fcnftig mit abschreckenden Bildern<\/a><\/p>\n","protected":false},"excerpt":{"rendered":"<p>Zigarettenpackungen sollen auch in Deutschland k\u00fcnftig mit abschreckenden Bildern versehen werden. Das Bundeskabinett verabschiedete am Mittwoch in Berlin einen Gesetzentwurf, mit dem der Kampf gegen das Rauchen weiter versch\u00e4rft werden soll. Die in anderen L\u00e4ndern bereits \u00fcblichen Schockbilder etwa von &hellip; <a href=\"https:\/\/www.psychologie-aktuell.info\/reha\/2016\/01\/zigarettenpackungen-kuenftig-mit-abschreckenden-bildern\/\">Weiterlesen <span class=\"meta-nav\">&rarr;<\/span><\/a><\/p>\n","protected":false},"author":1,"featured_media":0,"comment_status":"closed","ping_status":"closed","sticky":false,"template":"","format":"standard","meta":{"_jetpack_memberships_contains_paid_content":false,"footnotes":""},"categories":[21],"tags":[],"class_list":["post-10514","post","type-post","status-publish","format-standard","hentry","category-zeitschriftenartikel"],"jetpack_featured_media_url":"","jetpack_shortlink":"https:\/\/wp.me\/p1fMVY-2JA","jetpack_sharing_enabled":true,"_links":{"self":[{"href":"https:\/\/www.psychologie-aktuell.info\/reha\/wp-json\/wp\/v2\/posts\/10514","targetHints":{"allow":["GET"]}}],"collection":[{"href":"https:\/\/www.psychologie-aktuell.info\/reha\/wp-json\/wp\/v2\/posts"}],"about":[{"href":"https:\/\/www.psychologie-aktuell.info\/reha\/wp-json\/wp\/v2\/types\/post"}],"author":[{"embeddable":true,"href":"https:\/\/www.psychologie-aktuell.info\/reha\/wp-json\/wp\/v2\/users\/1"}],"replies":[{"embeddable":true,"href":"https:\/\/www.psychologie-aktuell.info\/reha\/wp-json\/wp\/v2\/comments?post=10514"}],"version-history":[{"count":1,"href":"https:\/\/www.psychologie-aktuell.info\/reha\/wp-json\/wp\/v2\/posts\/10514\/revisions"}],"predecessor-version":[{"id":10515,"href":"https:\/\/www.psychologie-aktuell.info\/reha\/wp-json\/wp\/v2\/posts\/10514\/revisions\/10515"}],"wp:attachment":[{"href":"https:\/\/www.psychologie-aktuell.info\/reha\/wp-json\/wp\/v2\/media?parent=10514"}],"wp:term":[{"taxonomy":"category","embeddable":true,"href":"https:\/\/www.psychologie-aktuell.info\/reha\/wp-json\/wp\/v2\/categories?post=10514"},{"taxonomy":"post_tag","embeddable":true,"href":"https:\/\/www.psychologie-aktuell.info\/reha\/wp-json\/wp\/v2\/tags?post=10514"}],"curies":[{"name":"wp","href":"https:\/\/api.w.org\/{rel}","templated":true}]}}