{"id":10524,"date":"2016-01-09T10:39:22","date_gmt":"2016-01-09T09:39:22","guid":{"rendered":"http:\/\/www.psychologie-aktuell.info\/reha\/?p=10524"},"modified":"2016-01-09T10:39:22","modified_gmt":"2016-01-09T09:39:22","slug":"suizid-und-freitod","status":"publish","type":"post","link":"https:\/\/www.psychologie-aktuell.info\/reha\/2016\/01\/suizid-und-freitod\/","title":{"rendered":"Suizid und Freitod"},"content":{"rendered":"<blockquote><p>Suizid setzt sich aus den lateinischen W\u00f6rtern sui, also selbst, und caedere, T\u00f6ten, zusammen, das hei\u00dft Selbstt\u00f6tung \u2013 negativ Selbstmord, positiv Freitod. Es bedeutet, das eigene Leben selbst zu beenden. Meist ist der aktive Suizid gemeint, in dem ich mich aufh\u00e4nge, erschie\u00dfe, Gift nehme oder die Pulsadern aufschneide. Suizid kann aber auch passiv erfolgen, indem ich zum Beispiel nicht mehr esse, trinke oder das Leben erhaltende Medikamente einstelle.<\/p><\/blockquote>\n<p><a href=\"http:\/\/www.heilpraxisnet.de\/krankheiten\/suizid-freitod\/\">Suizid und Freitod<\/a><\/p>\n","protected":false},"excerpt":{"rendered":"<p>Suizid setzt sich aus den lateinischen W\u00f6rtern sui, also selbst, und caedere, T\u00f6ten, zusammen, das hei\u00dft Selbstt\u00f6tung \u2013 negativ Selbstmord, positiv Freitod. Es bedeutet, das eigene Leben selbst zu beenden. Meist ist der aktive Suizid gemeint, in dem ich mich &hellip; <a href=\"https:\/\/www.psychologie-aktuell.info\/reha\/2016\/01\/suizid-und-freitod\/\">Weiterlesen <span class=\"meta-nav\">&rarr;<\/span><\/a><\/p>\n","protected":false},"author":1,"featured_media":0,"comment_status":"closed","ping_status":"closed","sticky":false,"template":"","format":"standard","meta":{"_jetpack_memberships_contains_paid_content":false,"footnotes":""},"categories":[21],"tags":[],"class_list":["post-10524","post","type-post","status-publish","format-standard","hentry","category-zeitschriftenartikel"],"jetpack_featured_media_url":"","jetpack_shortlink":"https:\/\/wp.me\/p1fMVY-2JK","jetpack_sharing_enabled":true,"_links":{"self":[{"href":"https:\/\/www.psychologie-aktuell.info\/reha\/wp-json\/wp\/v2\/posts\/10524","targetHints":{"allow":["GET"]}}],"collection":[{"href":"https:\/\/www.psychologie-aktuell.info\/reha\/wp-json\/wp\/v2\/posts"}],"about":[{"href":"https:\/\/www.psychologie-aktuell.info\/reha\/wp-json\/wp\/v2\/types\/post"}],"author":[{"embeddable":true,"href":"https:\/\/www.psychologie-aktuell.info\/reha\/wp-json\/wp\/v2\/users\/1"}],"replies":[{"embeddable":true,"href":"https:\/\/www.psychologie-aktuell.info\/reha\/wp-json\/wp\/v2\/comments?post=10524"}],"version-history":[{"count":3,"href":"https:\/\/www.psychologie-aktuell.info\/reha\/wp-json\/wp\/v2\/posts\/10524\/revisions"}],"predecessor-version":[{"id":10538,"href":"https:\/\/www.psychologie-aktuell.info\/reha\/wp-json\/wp\/v2\/posts\/10524\/revisions\/10538"}],"wp:attachment":[{"href":"https:\/\/www.psychologie-aktuell.info\/reha\/wp-json\/wp\/v2\/media?parent=10524"}],"wp:term":[{"taxonomy":"category","embeddable":true,"href":"https:\/\/www.psychologie-aktuell.info\/reha\/wp-json\/wp\/v2\/categories?post=10524"},{"taxonomy":"post_tag","embeddable":true,"href":"https:\/\/www.psychologie-aktuell.info\/reha\/wp-json\/wp\/v2\/tags?post=10524"}],"curies":[{"name":"wp","href":"https:\/\/api.w.org\/{rel}","templated":true}]}}