{"id":10613,"date":"2016-03-04T06:07:20","date_gmt":"2016-03-04T05:07:20","guid":{"rendered":"http:\/\/www.psychologie-aktuell.info\/reha\/?p=10613"},"modified":"2016-02-18T09:12:06","modified_gmt":"2016-02-18T08:12:06","slug":"zusammenhaenge-zwischen-leistungsprognosen-ergebniseinschaetzungen-erzielten-leistungen-in-konzentrationstests-und-subjektiver-auffassung-der-eigenen-konzentrationsfaehigkeit","status":"publish","type":"post","link":"https:\/\/www.psychologie-aktuell.info\/reha\/2016\/03\/zusammenhaenge-zwischen-leistungsprognosen-ergebniseinschaetzungen-erzielten-leistungen-in-konzentrationstests-und-subjektiver-auffassung-der-eigenen-konzentrationsfaehigkeit\/","title":{"rendered":"Zusammenh\u00e4nge zwischen Leistungsprognosen, Ergebniseinsch\u00e4tzungen, erzielten Leistungen in Konzentrationstests und subjektiver Auffassung der eigenen Konzentrationsf\u00e4higkeit."},"content":{"rendered":"<blockquote><p>Die Studie \u00fcberpr\u00fcfte anhand mehrerer Konzentrationstests die Beziehungen zwischen Konzentrationseinsch\u00e4tzungen im Alltag, aktuellen subjektiven Leistungsprognosen vor sowie Ergebniseinsch\u00e4tzungen nach der Testung mit den erzielten Leistungen in den Konzentrationstests. In der Regel lassen sich signifikante Korrelationen zwischen Testergebnis und Leistungsprognose wie auch Ergebniseinsch\u00e4tzung finden, wenn die Testperson hinreichend \u00fcber die Anforderungen des speziellen Konzentrationstests informiert ist. Bei einigen Tests sind Alltagskonzentration und das Ergebnis im Konzentrationstest unabh\u00e4ngig voneinander sein, bei andern lassen sich signifikante Zusammenh\u00e4nge nachweisen. Pers\u00f6nlichkeitsvariablen stehen jedoch in einem erkennbar engeren Zusammenhang mit Alltagskonzentration als die objektive Konzentrationsf\u00e4higkeit. Die subjektive Einsch\u00e4tzung der Konzentration im Alltag f\u00e4llt umso schw\u00e4cher aus, je h\u00f6her der Neurotizismus und je geringer die Gewissenhaftigkeit ausgepr\u00e4gt sind.<\/p><\/blockquote>\n<p><a href=\"http:\/\/psydok.sulb.uni-saarland.de\/frontdoor.php?source_opus=5252\">Zusammenh\u00e4nge zwischen Leistungsprognosen, Ergebniseinsch\u00e4tzungen, erzielten Leistungen in Konzentrationstests und subjektiver Auffassung der eigenen Konzentrationsf\u00e4higkeit.<\/a><\/p>\n","protected":false},"excerpt":{"rendered":"<p>Die Studie \u00fcberpr\u00fcfte anhand mehrerer Konzentrationstests die Beziehungen zwischen Konzentrationseinsch\u00e4tzungen im Alltag, aktuellen subjektiven Leistungsprognosen vor sowie Ergebniseinsch\u00e4tzungen nach der Testung mit den erzielten Leistungen in den Konzentrationstests. In der Regel lassen sich signifikante Korrelationen zwischen Testergebnis und Leistungsprognose wie &hellip; <a href=\"https:\/\/www.psychologie-aktuell.info\/reha\/2016\/03\/zusammenhaenge-zwischen-leistungsprognosen-ergebniseinschaetzungen-erzielten-leistungen-in-konzentrationstests-und-subjektiver-auffassung-der-eigenen-konzentrationsfaehigkeit\/\">Weiterlesen <span class=\"meta-nav\">&rarr;<\/span><\/a><\/p>\n","protected":false},"author":1,"featured_media":0,"comment_status":"closed","ping_status":"closed","sticky":false,"template":"","format":"standard","meta":{"_jetpack_memberships_contains_paid_content":false,"footnotes":""},"categories":[21],"tags":[],"class_list":["post-10613","post","type-post","status-publish","format-standard","hentry","category-zeitschriftenartikel"],"jetpack_featured_media_url":"","jetpack_shortlink":"https:\/\/wp.me\/p1fMVY-2Lb","jetpack_sharing_enabled":true,"_links":{"self":[{"href":"https:\/\/www.psychologie-aktuell.info\/reha\/wp-json\/wp\/v2\/posts\/10613","targetHints":{"allow":["GET"]}}],"collection":[{"href":"https:\/\/www.psychologie-aktuell.info\/reha\/wp-json\/wp\/v2\/posts"}],"about":[{"href":"https:\/\/www.psychologie-aktuell.info\/reha\/wp-json\/wp\/v2\/types\/post"}],"author":[{"embeddable":true,"href":"https:\/\/www.psychologie-aktuell.info\/reha\/wp-json\/wp\/v2\/users\/1"}],"replies":[{"embeddable":true,"href":"https:\/\/www.psychologie-aktuell.info\/reha\/wp-json\/wp\/v2\/comments?post=10613"}],"version-history":[{"count":3,"href":"https:\/\/www.psychologie-aktuell.info\/reha\/wp-json\/wp\/v2\/posts\/10613\/revisions"}],"predecessor-version":[{"id":10703,"href":"https:\/\/www.psychologie-aktuell.info\/reha\/wp-json\/wp\/v2\/posts\/10613\/revisions\/10703"}],"wp:attachment":[{"href":"https:\/\/www.psychologie-aktuell.info\/reha\/wp-json\/wp\/v2\/media?parent=10613"}],"wp:term":[{"taxonomy":"category","embeddable":true,"href":"https:\/\/www.psychologie-aktuell.info\/reha\/wp-json\/wp\/v2\/categories?post=10613"},{"taxonomy":"post_tag","embeddable":true,"href":"https:\/\/www.psychologie-aktuell.info\/reha\/wp-json\/wp\/v2\/tags?post=10613"}],"curies":[{"name":"wp","href":"https:\/\/api.w.org\/{rel}","templated":true}]}}