{"id":1066,"date":"2010-02-10T07:50:00","date_gmt":"2010-02-10T06:50:00","guid":{"rendered":"http:\/\/www.reha-psychologie.net\/reha\/2010\/02\/psychische-und-physische-befindlichkeit-von-patienten-mit-thoraxschmerzen-in-der-kardiologischen-ambulanz\/"},"modified":"2010-02-03T21:51:50","modified_gmt":"2010-02-03T20:51:50","slug":"psychische-und-physische-befindlichkeit-von-patienten-mit-thoraxschmerzen-in-der-kardiologischen-ambulanz","status":"publish","type":"post","link":"https:\/\/www.psychologie-aktuell.info\/reha\/2010\/02\/psychische-und-physische-befindlichkeit-von-patienten-mit-thoraxschmerzen-in-der-kardiologischen-ambulanz\/","title":{"rendered":"Psychische und physische Befindlichkeit von Patienten mit Thoraxschmerzen in der kardiologischen Ambulanz"},"content":{"rendered":"<blockquote><p>Ziel dieser explorativen Querschnittstudie war, das k\u00f6rperliche und psychische Befinden von Patienten mit Thoraxschmerzen in Abh\u00e4ngigkeit vom Vorliegen einer kardialen Erkrankung (Koronare Herzerkrankung, andere kardiale Erkrankung, keine kardiale Erkrankung, unklare Diagnose) zu untersuchen.<\/p>\n<p>Methodik: Konsekutiv konnten 383 Patienten, die wegen Thoraxschmerzen in der kardiologischen Ambulanz vorstellig wurden, hinsichtlich Angst und Depressivit\u00e4t (HADS) sowie k\u00f6rperlicher Beschwerden (B-L) befragt werden.<\/p>\n<p>Ergebnisse: Bei der H\u00e4lfte aller Patienten konnte keine kardiale Erkrankung zur Erkl\u00e4rung des Thoraxschmerzes nachgewiesen werden. Das k\u00f6rperliche und psychische Befinden der Patienten war unabh\u00e4ngig vom Vorhandensein einer kardialen Erkrankung im Vergleich zur Allgemeinbev\u00f6lkerung beeintr\u00e4chtigt. <!--more-->50,9% der Patienten mit Thoraxschmerzen waren auff\u00e4llig im Bereich allgemeiner \u00c4ngstlichkeit, 35,2% zeigten erh\u00f6hte Depressivit\u00e4tswerte. 71,7% der Thoraxschmerzpatienten f\u00fchlten sich durch die k\u00f6rperlichen Beschwerden beeintr\u00e4chtigt. Frauen mit Thoraxschmerzen waren im Vergleich zu M\u00e4nnern \u00e4ngstlicher und zeigten ein niedrigeres k\u00f6rperliches Wohlbefinden. \u00c4ltere Patienten mit Thoraxschmerzen f\u00fchlten sich st\u00e4rker k\u00f6rperlich beeintr\u00e4chtigt als j\u00fcngere, waren jedoch weniger \u00e4ngstlich.<\/p>\n<p>Diskussion: Die hohe psychische Komorbidit\u00e4t, die in dieser Studie gezeigt werden konnte, betont die Notwendigkeit einer integrierten psychosomatischen Versorgung unabh\u00e4ngig vom medizinischen Befund. Eine Dichotomie &#8222;kardial vs. psychisch krank&#8220; ist beim Verst\u00e4ndnis des Symptoms &#8222;Thoraxschmerz&#8220; nicht angemessen.<\/p><\/blockquote>\n<p>Quelle: <a href=\"https:\/\/www.thieme-connect.com\/DOI\/DOI10.1055\/s-0029-1243227\">Thieme eJournals &#8211; Abstract<\/a><\/p>\n","protected":false},"excerpt":{"rendered":"<p>Ziel dieser explorativen Querschnittstudie war, das k\u00f6rperliche und psychische Befinden von Patienten mit Thoraxschmerzen in Abh\u00e4ngigkeit vom Vorliegen einer kardialen Erkrankung (Koronare Herzerkrankung, andere kardiale Erkrankung, keine kardiale Erkrankung, unklare Diagnose) zu untersuchen. Methodik: Konsekutiv konnten 383 Patienten, die wegen &hellip; <a href=\"https:\/\/www.psychologie-aktuell.info\/reha\/2010\/02\/psychische-und-physische-befindlichkeit-von-patienten-mit-thoraxschmerzen-in-der-kardiologischen-ambulanz\/\">Weiterlesen <span class=\"meta-nav\">&rarr;<\/span><\/a><\/p>\n","protected":false},"author":1,"featured_media":0,"comment_status":"open","ping_status":"open","sticky":false,"template":"","format":"standard","meta":{"_jetpack_memberships_contains_paid_content":false,"footnotes":""},"categories":[],"tags":[28,40],"class_list":["post-1066","post","type-post","status-publish","format-standard","hentry","tag-angst-panik","tag-herz-kreislauf"],"jetpack_featured_media_url":"","jetpack_shortlink":"https:\/\/wp.me\/p1fMVY-hc","jetpack_sharing_enabled":true,"_links":{"self":[{"href":"https:\/\/www.psychologie-aktuell.info\/reha\/wp-json\/wp\/v2\/posts\/1066","targetHints":{"allow":["GET"]}}],"collection":[{"href":"https:\/\/www.psychologie-aktuell.info\/reha\/wp-json\/wp\/v2\/posts"}],"about":[{"href":"https:\/\/www.psychologie-aktuell.info\/reha\/wp-json\/wp\/v2\/types\/post"}],"author":[{"embeddable":true,"href":"https:\/\/www.psychologie-aktuell.info\/reha\/wp-json\/wp\/v2\/users\/1"}],"replies":[{"embeddable":true,"href":"https:\/\/www.psychologie-aktuell.info\/reha\/wp-json\/wp\/v2\/comments?post=1066"}],"version-history":[{"count":1,"href":"https:\/\/www.psychologie-aktuell.info\/reha\/wp-json\/wp\/v2\/posts\/1066\/revisions"}],"predecessor-version":[{"id":1067,"href":"https:\/\/www.psychologie-aktuell.info\/reha\/wp-json\/wp\/v2\/posts\/1066\/revisions\/1067"}],"wp:attachment":[{"href":"https:\/\/www.psychologie-aktuell.info\/reha\/wp-json\/wp\/v2\/media?parent=1066"}],"wp:term":[{"taxonomy":"category","embeddable":true,"href":"https:\/\/www.psychologie-aktuell.info\/reha\/wp-json\/wp\/v2\/categories?post=1066"},{"taxonomy":"post_tag","embeddable":true,"href":"https:\/\/www.psychologie-aktuell.info\/reha\/wp-json\/wp\/v2\/tags?post=1066"}],"curies":[{"name":"wp","href":"https:\/\/api.w.org\/{rel}","templated":true}]}}