{"id":10770,"date":"2016-11-11T06:25:00","date_gmt":"2016-11-11T05:25:00","guid":{"rendered":"http:\/\/www.psychologie-aktuell.info\/reha\/?p=10770"},"modified":"2016-11-11T17:56:08","modified_gmt":"2016-11-11T16:56:08","slug":"kognitive-verhaltenstherapie-und-assertive-community-treatment-reduzieren-die-anzahl-stationaerer-tage-und-verlaengern-die-zeit-bis-zu-einer-stationaeren-aufnahme-bei-schweren-psychotischen-stoerungen","status":"publish","type":"post","link":"https:\/\/www.psychologie-aktuell.info\/reha\/2016\/11\/kognitive-verhaltenstherapie-und-assertive-community-treatment-reduzieren-die-anzahl-stationaerer-tage-und-verlaengern-die-zeit-bis-zu-einer-stationaeren-aufnahme-bei-schweren-psychotischen-stoerungen\/","title":{"rendered":"Kognitive Verhaltenstherapie und Assertive Community Treatment reduzieren die Anzahl station\u00e4rer Tage und verl\u00e4ngern die Zeit bis zu einer station\u00e4ren Aufnahme bei schweren psychotischen St\u00f6rungen"},"content":{"rendered":"<blockquote>\n<p><span class=\"b\">Anliegen:<\/span> Pr\u00fcfung der klinischen Effektivit\u00e4t von Integrierter Versorgung (IV, Kognitive Verhaltenstherapie, Pharmakotherapie und Assertive Community Treatment) im deutschen Versorgungssystem.<\/p>\n<p><span class=\"b\">Methode:<\/span> Abgleich einer klinischen Kontrollgruppe (n\u200a=\u200a13) zu eingeschriebenen IV-Patienten (n\u200a=\u200a13) mittels Propensity Score Matching f\u00fcr die Prim\u00e4ren Endpunkte (PE) und intraindividueller Vergleich f\u00fcr die Sekund\u00e4ren Endpunkte (SE).<\/p>\n<p><!--more--><\/p>\n<p><span class=\"b\">Ergebnisse:<\/span> PE: IV-Patienten verbrachten weniger Zeit im Krankenhaus (p\u200a&lt;\u200a0,05) und eine Progression zu einer station\u00e4ren Behandlung konnte deutlich verz\u00f6gert werden (p\u200a&lt;\u200a0,05). SE: Innerhalb der IV-Gruppe zeigte sich eine Verbesserung der Symptomatik (p\u200a&lt;\u200a0,01), des psychosozialen Funktionsniveaus (p\u200a&lt;\u200a0,05) und des Engagements des Patienten f\u00fcr die Behandlung (p\u200a&lt;\u200a0,05).<\/p>\n<p><span class=\"b\">Schlussfolgerung:<\/span> Durch den strukturellen Rahmen von IV kommt eine leitliniengerechte Therapie tats\u00e4chlich bei den Psychosepatienten an, die dann auch von der Behandlung profitieren.<\/p>\n<\/blockquote>\n<p><a href=\"https:\/\/www.thieme-connect.de\/DOI\/DOI?10.1055\/s-0042-102055\">Thieme E-Journals &#8211; Fortschritte der Neurologie \u00b7 Psychiatrie \/ Abstract<\/a><\/p>\n","protected":false},"excerpt":{"rendered":"<p>Anliegen: Pr\u00fcfung der klinischen Effektivit\u00e4t von Integrierter Versorgung (IV, Kognitive Verhaltenstherapie, Pharmakotherapie und Assertive Community Treatment) im deutschen Versorgungssystem. Methode: Abgleich einer klinischen Kontrollgruppe (n\u200a=\u200a13) zu eingeschriebenen IV-Patienten (n\u200a=\u200a13) mittels Propensity Score Matching f\u00fcr die Prim\u00e4ren Endpunkte (PE) und intraindividueller &hellip; <a href=\"https:\/\/www.psychologie-aktuell.info\/reha\/2016\/11\/kognitive-verhaltenstherapie-und-assertive-community-treatment-reduzieren-die-anzahl-stationaerer-tage-und-verlaengern-die-zeit-bis-zu-einer-stationaeren-aufnahme-bei-schweren-psychotischen-stoerungen\/\">Weiterlesen <span class=\"meta-nav\">&rarr;<\/span><\/a><\/p>\n","protected":false},"author":1,"featured_media":0,"comment_status":"closed","ping_status":"closed","sticky":false,"template":"","format":"standard","meta":{"_jetpack_memberships_contains_paid_content":false,"footnotes":""},"categories":[21],"tags":[],"class_list":["post-10770","post","type-post","status-publish","format-standard","hentry","category-zeitschriftenartikel"],"jetpack_featured_media_url":"","jetpack_shortlink":"https:\/\/wp.me\/p1fMVY-2NI","jetpack_sharing_enabled":true,"_links":{"self":[{"href":"https:\/\/www.psychologie-aktuell.info\/reha\/wp-json\/wp\/v2\/posts\/10770","targetHints":{"allow":["GET"]}}],"collection":[{"href":"https:\/\/www.psychologie-aktuell.info\/reha\/wp-json\/wp\/v2\/posts"}],"about":[{"href":"https:\/\/www.psychologie-aktuell.info\/reha\/wp-json\/wp\/v2\/types\/post"}],"author":[{"embeddable":true,"href":"https:\/\/www.psychologie-aktuell.info\/reha\/wp-json\/wp\/v2\/users\/1"}],"replies":[{"embeddable":true,"href":"https:\/\/www.psychologie-aktuell.info\/reha\/wp-json\/wp\/v2\/comments?post=10770"}],"version-history":[{"count":4,"href":"https:\/\/www.psychologie-aktuell.info\/reha\/wp-json\/wp\/v2\/posts\/10770\/revisions"}],"predecessor-version":[{"id":11584,"href":"https:\/\/www.psychologie-aktuell.info\/reha\/wp-json\/wp\/v2\/posts\/10770\/revisions\/11584"}],"wp:attachment":[{"href":"https:\/\/www.psychologie-aktuell.info\/reha\/wp-json\/wp\/v2\/media?parent=10770"}],"wp:term":[{"taxonomy":"category","embeddable":true,"href":"https:\/\/www.psychologie-aktuell.info\/reha\/wp-json\/wp\/v2\/categories?post=10770"},{"taxonomy":"post_tag","embeddable":true,"href":"https:\/\/www.psychologie-aktuell.info\/reha\/wp-json\/wp\/v2\/tags?post=10770"}],"curies":[{"name":"wp","href":"https:\/\/api.w.org\/{rel}","templated":true}]}}