{"id":10774,"date":"2016-09-29T05:59:14","date_gmt":"2016-09-29T03:59:14","guid":{"rendered":"http:\/\/www.psychologie-aktuell.info\/reha\/?p=10774"},"modified":"2016-09-27T08:14:05","modified_gmt":"2016-09-27T06:14:05","slug":"das-maennliche-gehirn","status":"publish","type":"post","link":"https:\/\/www.psychologie-aktuell.info\/reha\/2016\/09\/das-maennliche-gehirn\/","title":{"rendered":"Das m\u00e4nnliche Gehirn"},"content":{"rendered":"<blockquote>\n<p>Die Forderung nach mehr Frauen in F\u00fchrungspositionen ist berechtigt und entspricht dem Wunsch nach angemessener gesellschaftlicher Teilhabe. Da sich Frauen in vielf\u00e4ltiger Hinsicht von M\u00e4nnern unterscheiden (und umgekehrt), f\u00fchrt ein h\u00f6herer Anteil von Frauen in F\u00fchrungspositionen zu mehr Diversit\u00e4t. Theoretisch sollte er somit auch zu besseren Ergebnissen f\u00fchren, insbesondere in Gremien mit Mehrheitsentscheidungen aufgrund geheimer Abstimmungen [<a href=\"#JR001-1\">1<\/a>]. Obwohl empirische Untersuchungen bislang keine eindeutig positiven Effekte der Geschlechterdiversit\u00e4t auf die Unternehmensperformance gefunden haben [<a href=\"#OR001-2\">2<\/a>], bleibt die gesellschaftliche Teilhabe ein wichtiges Argument. Die Unterrepr\u00e4sentation von Frauen in F\u00fchrungspositionen wird h\u00e4ufig zur\u00fcckgef\u00fchrt auf eine Geschlechterdiskriminierung im Rahmen der Auswahlverfahren, d.\u200ah. auf interpersonelle Aspekte. Interpersonelle Faktoren sind sicher relevant und m\u00fcssen \u00fcberwunden werden.<\/p>\n<\/blockquote>\n<p><a href=\"https:\/\/www.thieme-connect.de\/DOI\/DOI?10.1055\/s-0042-103148\">Thieme E-Journals &#8211; Fortschritte der Neurologie \u00b7 Psychiatrie \/ Abstract<\/a><\/p>\n","protected":false},"excerpt":{"rendered":"<p>Die Forderung nach mehr Frauen in F\u00fchrungspositionen ist berechtigt und entspricht dem Wunsch nach angemessener gesellschaftlicher Teilhabe. Da sich Frauen in vielf\u00e4ltiger Hinsicht von M\u00e4nnern unterscheiden (und umgekehrt), f\u00fchrt ein h\u00f6herer Anteil von Frauen in F\u00fchrungspositionen zu mehr Diversit\u00e4t. Theoretisch &hellip; <a href=\"https:\/\/www.psychologie-aktuell.info\/reha\/2016\/09\/das-maennliche-gehirn\/\">Weiterlesen <span class=\"meta-nav\">&rarr;<\/span><\/a><\/p>\n","protected":false},"author":1,"featured_media":0,"comment_status":"closed","ping_status":"closed","sticky":false,"template":"","format":"standard","meta":{"_jetpack_memberships_contains_paid_content":false,"footnotes":""},"categories":[21],"tags":[],"class_list":["post-10774","post","type-post","status-publish","format-standard","hentry","category-zeitschriftenartikel"],"jetpack_featured_media_url":"","jetpack_shortlink":"https:\/\/wp.me\/p1fMVY-2NM","jetpack_sharing_enabled":true,"_links":{"self":[{"href":"https:\/\/www.psychologie-aktuell.info\/reha\/wp-json\/wp\/v2\/posts\/10774","targetHints":{"allow":["GET"]}}],"collection":[{"href":"https:\/\/www.psychologie-aktuell.info\/reha\/wp-json\/wp\/v2\/posts"}],"about":[{"href":"https:\/\/www.psychologie-aktuell.info\/reha\/wp-json\/wp\/v2\/types\/post"}],"author":[{"embeddable":true,"href":"https:\/\/www.psychologie-aktuell.info\/reha\/wp-json\/wp\/v2\/users\/1"}],"replies":[{"embeddable":true,"href":"https:\/\/www.psychologie-aktuell.info\/reha\/wp-json\/wp\/v2\/comments?post=10774"}],"version-history":[{"count":1,"href":"https:\/\/www.psychologie-aktuell.info\/reha\/wp-json\/wp\/v2\/posts\/10774\/revisions"}],"predecessor-version":[{"id":10775,"href":"https:\/\/www.psychologie-aktuell.info\/reha\/wp-json\/wp\/v2\/posts\/10774\/revisions\/10775"}],"wp:attachment":[{"href":"https:\/\/www.psychologie-aktuell.info\/reha\/wp-json\/wp\/v2\/media?parent=10774"}],"wp:term":[{"taxonomy":"category","embeddable":true,"href":"https:\/\/www.psychologie-aktuell.info\/reha\/wp-json\/wp\/v2\/categories?post=10774"},{"taxonomy":"post_tag","embeddable":true,"href":"https:\/\/www.psychologie-aktuell.info\/reha\/wp-json\/wp\/v2\/tags?post=10774"}],"curies":[{"name":"wp","href":"https:\/\/api.w.org\/{rel}","templated":true}]}}