{"id":10894,"date":"2016-09-04T06:59:25","date_gmt":"2016-09-04T04:59:25","guid":{"rendered":"http:\/\/www.psychologie-aktuell.info\/reha\/?p=10894"},"modified":"2016-08-10T20:05:01","modified_gmt":"2016-08-10T18:05:01","slug":"selbstverantwortung-leben-erfahrungsbericht-einer-betroffenen","status":"publish","type":"post","link":"https:\/\/www.psychologie-aktuell.info\/reha\/2016\/09\/selbstverantwortung-leben-erfahrungsbericht-einer-betroffenen\/","title":{"rendered":"Selbstverantwortung leben \u2013 Erfahrungsbericht einer Betroffenen"},"content":{"rendered":"<blockquote><p>Selbstverantwortung oder Eigenverantwortung stellt im Laufe meines Lebens mit verschiedenen Krebsdiagnosen inzwischen ein zentrales Thema dar.<\/p>\n<p>Als ich vor nun 20\u2005Jahren an einem Zervixkarzinom erkrankte, was sehr umfangreich operiert und anschlie\u00dfend bestrahlt werden musste, war \u201eSelbstverantwortung\u201c f\u00fcr mich kein g\u00e4ngiger Begriff. Alles ging zu schnell und Entscheidungen seitens der \u00c4rzte nahm ich dankbar an, da ich nicht wusste, dass ich die Zeit h\u00e4tte, mir selbst ein Bild der Lage zu machen, um ggf. Dinge selber oder mit zu entscheiden.<\/p>\n<p>Bei meiner zweiten Krebserkrankung 4\u2005Jahre sp\u00e4ter (1999), die Metastasen in der Lunge aufzeigte, sah es bereits ein wenig anders aus. Obgleich die Lunge ein \u00e4u\u00dferst bedeutendes Organ in meinem Organismus darstellt, nahm ich mir jetzt die Zeit, um mich in meinem Rahmen gr\u00f6\u00dftm\u00f6glich zu informieren. Zun\u00e4chst ging ich bei meinem behandelnden Arzt direkt auf Konfrontation, als er nicht versuchen wollte, den besten Operateur zu organisieren. Und es war mir inzwischen klar, dass es zur Schulmedizin noch alternative M\u00f6glichkeiten geben muss, die mich unterst\u00fctzen k\u00f6nnen. So sagte ich dem operierenden Arzt im Vorabgespr\u00e4ch, dass ich mich noch gerne zus\u00e4tzlich beraten lassen wollte. Er zeigte gr\u00f6\u00dftes Verst\u00e4ndnis, lie\u00df mich mit guten Worten ziehen und ich suchte damals die GfBK (Gesellschaft f\u00fcr Biologische Krebsabwehr) in Heidelberg auf. Dort erfuhr ich sehr umfangreich, was ich selbst alles unterst\u00fctzend tun kann.<\/p><\/blockquote>\n<p><a href=\"https:\/\/www.thieme-connect.de\/DOI\/DOI?10.1055\/s-0035-1547571\">Thieme E-Journals &#8211; Deutsche Zeitschrift f\u00fcr Onkologie \/ Abstract<\/a><\/p>\n","protected":false},"excerpt":{"rendered":"<p>Selbstverantwortung oder Eigenverantwortung stellt im Laufe meines Lebens mit verschiedenen Krebsdiagnosen inzwischen ein zentrales Thema dar. Als ich vor nun 20\u2005Jahren an einem Zervixkarzinom erkrankte, was sehr umfangreich operiert und anschlie\u00dfend bestrahlt werden musste, war \u201eSelbstverantwortung\u201c f\u00fcr mich kein g\u00e4ngiger &hellip; <a href=\"https:\/\/www.psychologie-aktuell.info\/reha\/2016\/09\/selbstverantwortung-leben-erfahrungsbericht-einer-betroffenen\/\">Weiterlesen <span class=\"meta-nav\">&rarr;<\/span><\/a><\/p>\n","protected":false},"author":1,"featured_media":0,"comment_status":"closed","ping_status":"closed","sticky":false,"template":"","format":"standard","meta":{"_jetpack_memberships_contains_paid_content":false,"footnotes":""},"categories":[21],"tags":[],"class_list":["post-10894","post","type-post","status-publish","format-standard","hentry","category-zeitschriftenartikel"],"jetpack_featured_media_url":"","jetpack_shortlink":"https:\/\/wp.me\/p1fMVY-2PI","jetpack_sharing_enabled":true,"_links":{"self":[{"href":"https:\/\/www.psychologie-aktuell.info\/reha\/wp-json\/wp\/v2\/posts\/10894","targetHints":{"allow":["GET"]}}],"collection":[{"href":"https:\/\/www.psychologie-aktuell.info\/reha\/wp-json\/wp\/v2\/posts"}],"about":[{"href":"https:\/\/www.psychologie-aktuell.info\/reha\/wp-json\/wp\/v2\/types\/post"}],"author":[{"embeddable":true,"href":"https:\/\/www.psychologie-aktuell.info\/reha\/wp-json\/wp\/v2\/users\/1"}],"replies":[{"embeddable":true,"href":"https:\/\/www.psychologie-aktuell.info\/reha\/wp-json\/wp\/v2\/comments?post=10894"}],"version-history":[{"count":3,"href":"https:\/\/www.psychologie-aktuell.info\/reha\/wp-json\/wp\/v2\/posts\/10894\/revisions"}],"predecessor-version":[{"id":11382,"href":"https:\/\/www.psychologie-aktuell.info\/reha\/wp-json\/wp\/v2\/posts\/10894\/revisions\/11382"}],"wp:attachment":[{"href":"https:\/\/www.psychologie-aktuell.info\/reha\/wp-json\/wp\/v2\/media?parent=10894"}],"wp:term":[{"taxonomy":"category","embeddable":true,"href":"https:\/\/www.psychologie-aktuell.info\/reha\/wp-json\/wp\/v2\/categories?post=10894"},{"taxonomy":"post_tag","embeddable":true,"href":"https:\/\/www.psychologie-aktuell.info\/reha\/wp-json\/wp\/v2\/tags?post=10894"}],"curies":[{"name":"wp","href":"https:\/\/api.w.org\/{rel}","templated":true}]}}