{"id":10914,"date":"2016-03-23T06:04:28","date_gmt":"2016-03-23T05:04:28","guid":{"rendered":"http:\/\/www.psychologie-aktuell.info\/reha\/?p=10914"},"modified":"2016-03-18T17:05:27","modified_gmt":"2016-03-18T16:05:27","slug":"enger-zusammenhang-wohlbefinden-in-der-letzten-lebensphase-soziale-ziele-teilhabe-und-aktivitaeten","status":"publish","type":"post","link":"https:\/\/www.psychologie-aktuell.info\/reha\/2016\/03\/enger-zusammenhang-wohlbefinden-in-der-letzten-lebensphase-soziale-ziele-teilhabe-und-aktivitaeten\/","title":{"rendered":"Enger Zusammenhang: Wohlbefinden in der letzten Lebensphase, soziale Ziele, Teilhabe und Aktivit\u00e4ten"},"content":{"rendered":"<blockquote>\n<p class=\"text\">Eine Grunderkenntnis von und ein Ansatzpunkt f\u00fcr Public Health ist, dass viele Krankheiten und gesundheitsbezogene Ereignisse in erheblichem, wenn nicht sogar \u00fcberwiegenden Ma\u00dfe mit sozialen Strukturen und Beziehungen assoziiert sind oder durch diese verursacht werden. Dort befinden sich folglich auch wichtige Ansatzpunkte f\u00fcr Pr\u00e4vention und Bew\u00e4ltigung.<br \/>\nEinen gewichtigen Beleg f\u00fcr diese Zusammenh\u00e4nge liefert jetzt eine gerade ver\u00f6ffentlichte Analyse \u00fcber die spezifischen und eigenst\u00e4ndigen Zusammenh\u00e4nge von sozialer Aktivit\u00e4t und Engagement sowie einer Vielzahl gelebter sozialer Werte auf das Wohlbefinden insbesondere \u00e4lterer Personen in den letzten Jahren vor ihrem Tod.<br \/>\nDer Studie lagen Daten aus dem Sozio\u00f6konomischen Panel (SOEP) von 2.910 verstorbenen Personen zugrunde, die vor ihrem Tod bis zu 27-mal an der j\u00e4hrlich durchgef\u00fchrten Erhebung teilgenommen hatten. Das Durchschnittsalter zum Zeitpunkt ihres Todes betrug 74 Jahre und das Verh\u00e4ltnis von M\u00e4nnern und Frauen war ausgeglichen. Diese Personen wurden u.a. regelm\u00e4\u00dfig zu ihrem Wohlbefinden und ihren sozialen Aktivit\u00e4ten befragt.<\/p>\n<\/blockquote>\n<p><a href=\"http:\/\/www.forum-gesundheitspolitik.de\/artikel\/artikel.pl?artikel=2500\">Forum Gesundheitspolitik: Enger Zusammenhang: Wohlbefinden in der letzten Lebensphase, soziale Ziele, Teilhabe und Aktivit\u00e4ten<\/a><\/p>\n","protected":false},"excerpt":{"rendered":"<p>Eine Grunderkenntnis von und ein Ansatzpunkt f\u00fcr Public Health ist, dass viele Krankheiten und gesundheitsbezogene Ereignisse in erheblichem, wenn nicht sogar \u00fcberwiegenden Ma\u00dfe mit sozialen Strukturen und Beziehungen assoziiert sind oder durch diese verursacht werden. Dort befinden sich folglich auch &hellip; <a href=\"https:\/\/www.psychologie-aktuell.info\/reha\/2016\/03\/enger-zusammenhang-wohlbefinden-in-der-letzten-lebensphase-soziale-ziele-teilhabe-und-aktivitaeten\/\">Weiterlesen <span class=\"meta-nav\">&rarr;<\/span><\/a><\/p>\n","protected":false},"author":1,"featured_media":0,"comment_status":"closed","ping_status":"closed","sticky":false,"template":"","format":"standard","meta":{"_jetpack_memberships_contains_paid_content":false,"footnotes":""},"categories":[801],"tags":[],"class_list":["post-10914","post","type-post","status-publish","format-standard","hentry","category-links-zu-online-news"],"jetpack_featured_media_url":"","jetpack_shortlink":"https:\/\/wp.me\/p1fMVY-2Q2","jetpack_sharing_enabled":true,"_links":{"self":[{"href":"https:\/\/www.psychologie-aktuell.info\/reha\/wp-json\/wp\/v2\/posts\/10914","targetHints":{"allow":["GET"]}}],"collection":[{"href":"https:\/\/www.psychologie-aktuell.info\/reha\/wp-json\/wp\/v2\/posts"}],"about":[{"href":"https:\/\/www.psychologie-aktuell.info\/reha\/wp-json\/wp\/v2\/types\/post"}],"author":[{"embeddable":true,"href":"https:\/\/www.psychologie-aktuell.info\/reha\/wp-json\/wp\/v2\/users\/1"}],"replies":[{"embeddable":true,"href":"https:\/\/www.psychologie-aktuell.info\/reha\/wp-json\/wp\/v2\/comments?post=10914"}],"version-history":[{"count":3,"href":"https:\/\/www.psychologie-aktuell.info\/reha\/wp-json\/wp\/v2\/posts\/10914\/revisions"}],"predecessor-version":[{"id":10999,"href":"https:\/\/www.psychologie-aktuell.info\/reha\/wp-json\/wp\/v2\/posts\/10914\/revisions\/10999"}],"wp:attachment":[{"href":"https:\/\/www.psychologie-aktuell.info\/reha\/wp-json\/wp\/v2\/media?parent=10914"}],"wp:term":[{"taxonomy":"category","embeddable":true,"href":"https:\/\/www.psychologie-aktuell.info\/reha\/wp-json\/wp\/v2\/categories?post=10914"},{"taxonomy":"post_tag","embeddable":true,"href":"https:\/\/www.psychologie-aktuell.info\/reha\/wp-json\/wp\/v2\/tags?post=10914"}],"curies":[{"name":"wp","href":"https:\/\/api.w.org\/{rel}","templated":true}]}}