{"id":11016,"date":"2016-03-24T14:51:20","date_gmt":"2016-03-24T13:51:20","guid":{"rendered":"http:\/\/www.psychologie-aktuell.info\/reha\/?p=11016"},"modified":"2016-04-29T11:50:39","modified_gmt":"2016-04-29T09:50:39","slug":"workshop-sozialmedizinische-leistungsbeurteilung-bei-komorbiden-psychischen-erkrankungen","status":"publish","type":"post","link":"https:\/\/www.psychologie-aktuell.info\/reha\/2016\/03\/workshop-sozialmedizinische-leistungsbeurteilung-bei-komorbiden-psychischen-erkrankungen\/","title":{"rendered":"Workshop: Sozialmedizinische Leistungsbeurteilung bei komorbiden psychischen Erkrankungen"},"content":{"rendered":"<p>Der Workshop gibt einen am neuen \u00e4rztlichen Entlassbericht orientierten \u00dcberblick \u00fcber die Anforderungen an einen psychologischen Beitrag zur Leistungsbeurteilung und gibt praktische Hinweise f\u00fcr die Durchf\u00fchrung der Begutachtungs\u00adsituation und die Abfassung der Stellungnahme.<\/p>\n<p>Leitung: Dr. med. Claus Derra<br \/>\nTermin: 30.04.2016,\u00a0 9.00 -12.30 Uhr<br \/>\nVeranstaltungsort: Rehazentrum bei der Therme, Klinik Mayenbad, 88339 Bad Waldsee<!--more--><\/p>\n<p><strong>Workshop:<\/strong><\/p>\n<ul>\n<li>Grundlagen der Leistungsbeurteilung<\/li>\n<li>Sozialmedizinische Grundbegriffe<\/li>\n<li>das sozialmedizinische diagnostische Interview<\/li>\n<li>der psychopathologische Befund<\/li>\n<li>Funktionsdiagnostik nach ICF<\/li>\n<li>Psychologische Assessments<\/li>\n<li>Beschwerdenvalidierung und Konsistenz\u00adpr\u00fcfung<\/li>\n<li>Rollenverst\u00e4ndnis Therapeut \/ Gutachter<\/li>\n<\/ul>\n<p>Leistungseinschr\u00e4nkungen bei ausgew\u00e4hlten komorbiden psychischen Erkrankungen<\/p>\n<ul>\n<li>Anpassungsst\u00f6rungen, Fatigue, Depression<\/li>\n<li>Angstst\u00f6rungen<\/li>\n<li>chronische Schmerzst\u00f6rungen<\/li>\n<\/ul>\n<p>Den Teilnehmern werden ausf\u00fchrliche Unterlagen zu der Thematik zur Verf\u00fcgung gestellt.<\/p>\n<p><a href=\"https:\/\/www.psychologie-aktuell.info\/reha\/wp-content\/uploads\/2016\/03\/Flyer-Workshop-soz-med-Leistungsbeurteilung-bei-psych-Erkrankungen.pdf\" rel=\"\">Ausf\u00fchrliche Information und Anmeldung zum Download<\/a><\/p>\n","protected":false},"excerpt":{"rendered":"<p>Der Workshop gibt einen am neuen \u00e4rztlichen Entlassbericht orientierten \u00dcberblick \u00fcber die Anforderungen an einen psychologischen Beitrag zur Leistungsbeurteilung und gibt praktische Hinweise f\u00fcr die Durchf\u00fchrung der Begutachtungs\u00adsituation und die Abfassung der Stellungnahme. Leitung: Dr. med. Claus Derra Termin: 30.04.2016,\u00a0 &hellip; <a href=\"https:\/\/www.psychologie-aktuell.info\/reha\/2016\/03\/workshop-sozialmedizinische-leistungsbeurteilung-bei-komorbiden-psychischen-erkrankungen\/\">Weiterlesen <span class=\"meta-nav\">&rarr;<\/span><\/a><\/p>\n","protected":false},"author":1,"featured_media":0,"comment_status":"closed","ping_status":"closed","sticky":false,"template":"","format":"standard","meta":{"_jetpack_memberships_contains_paid_content":false,"footnotes":""},"categories":[36],"tags":[],"class_list":["post-11016","post","type-post","status-publish","format-standard","hentry","category-termine"],"jetpack_featured_media_url":"","jetpack_shortlink":"https:\/\/wp.me\/p1fMVY-2RG","jetpack_sharing_enabled":true,"_links":{"self":[{"href":"https:\/\/www.psychologie-aktuell.info\/reha\/wp-json\/wp\/v2\/posts\/11016","targetHints":{"allow":["GET"]}}],"collection":[{"href":"https:\/\/www.psychologie-aktuell.info\/reha\/wp-json\/wp\/v2\/posts"}],"about":[{"href":"https:\/\/www.psychologie-aktuell.info\/reha\/wp-json\/wp\/v2\/types\/post"}],"author":[{"embeddable":true,"href":"https:\/\/www.psychologie-aktuell.info\/reha\/wp-json\/wp\/v2\/users\/1"}],"replies":[{"embeddable":true,"href":"https:\/\/www.psychologie-aktuell.info\/reha\/wp-json\/wp\/v2\/comments?post=11016"}],"version-history":[{"count":3,"href":"https:\/\/www.psychologie-aktuell.info\/reha\/wp-json\/wp\/v2\/posts\/11016\/revisions"}],"predecessor-version":[{"id":11215,"href":"https:\/\/www.psychologie-aktuell.info\/reha\/wp-json\/wp\/v2\/posts\/11016\/revisions\/11215"}],"wp:attachment":[{"href":"https:\/\/www.psychologie-aktuell.info\/reha\/wp-json\/wp\/v2\/media?parent=11016"}],"wp:term":[{"taxonomy":"category","embeddable":true,"href":"https:\/\/www.psychologie-aktuell.info\/reha\/wp-json\/wp\/v2\/categories?post=11016"},{"taxonomy":"post_tag","embeddable":true,"href":"https:\/\/www.psychologie-aktuell.info\/reha\/wp-json\/wp\/v2\/tags?post=11016"}],"curies":[{"name":"wp","href":"https:\/\/api.w.org\/{rel}","templated":true}]}}