{"id":1115,"date":"2010-02-15T08:06:00","date_gmt":"2010-02-15T07:06:00","guid":{"rendered":"http:\/\/www.reha-psychologie.net\/reha\/2010\/02\/glucksforscher-karneval-als-kollektive-trance\/"},"modified":"2010-02-12T17:09:31","modified_gmt":"2010-02-12T16:09:31","slug":"glucksforscher-karneval-als-kollektive-trance","status":"publish","type":"post","link":"https:\/\/www.psychologie-aktuell.info\/reha\/2010\/02\/glucksforscher-karneval-als-kollektive-trance\/","title":{"rendered":"Gl\u00fccksforscher: Karneval als kollektive Trance"},"content":{"rendered":"<blockquote><p>M\u00fcnchen (dpa) \u00c2\u00ad In kollektiver Trance, freiz\u00fcgig und ohne Hemmungen verborgene Seiten ausleben \u00c2\u00ad das treibt nach \u00dcberzeugung von Gl\u00fccksforscher Stephan Lermer die Narren in Deutschlands Karnevalshochburgen an.<\/p>\n<p>\u00c2\u00abEs sind die extravertierten Menschen vornehmlich in katholischen Regionen, die zum Fasching oder Karneval die Sau rauslassen wollen\u00c2\u00bb, sagte der M\u00fcnchner Experte in einem Gespr\u00e4ch mit der Deutschen Presse-Agentur dpa. Ob in K\u00f6ln, M\u00fcnchen oder Brasilien, Karneval und Fasching fungierten als Ventil, um die sonst eher verp\u00f6nte Fleischeslust auszuleben. \u00c2\u00abF\u00fcr Hanseaten beispielsweise ist das Ganze zu oberfl\u00e4chlich, zu derb. In Berlin dagegen ist immer Fasching, weil sich dort kaum jemand um Kleidungs-Normen schert.\u00c2\u00bb<\/p><\/blockquote>\n<p>Quelle: <a href=\"http:\/\/www.schwaebische.de\/deutschland+welt\/gesellschaft\/wissen_artikel,-Gluecksforscher-Karneval-als-kollektive-Trance-_arid,4051152.html\">Gl\u00fccksforscher: Karneval als kollektive Trance &#8211; Wissen &#8211; SZON<\/a><\/p>\n","protected":false},"excerpt":{"rendered":"<p>M\u00fcnchen (dpa) \u00c2\u00ad In kollektiver Trance, freiz\u00fcgig und ohne Hemmungen verborgene Seiten ausleben \u00c2\u00ad das treibt nach \u00dcberzeugung von Gl\u00fccksforscher Stephan Lermer die Narren in Deutschlands Karnevalshochburgen an. \u00c2\u00abEs sind die extravertierten Menschen vornehmlich in katholischen Regionen, die zum Fasching &hellip; <a href=\"https:\/\/www.psychologie-aktuell.info\/reha\/2010\/02\/glucksforscher-karneval-als-kollektive-trance\/\">Weiterlesen <span class=\"meta-nav\">&rarr;<\/span><\/a><\/p>\n","protected":false},"author":1,"featured_media":0,"comment_status":"open","ping_status":"open","sticky":false,"template":"","format":"standard","meta":{"_jetpack_memberships_contains_paid_content":false,"footnotes":""},"categories":[22],"tags":[],"class_list":["post-1115","post","type-post","status-publish","format-standard","hentry","category-allgemein"],"jetpack_featured_media_url":"","jetpack_shortlink":"https:\/\/wp.me\/p1fMVY-hZ","jetpack_sharing_enabled":true,"_links":{"self":[{"href":"https:\/\/www.psychologie-aktuell.info\/reha\/wp-json\/wp\/v2\/posts\/1115","targetHints":{"allow":["GET"]}}],"collection":[{"href":"https:\/\/www.psychologie-aktuell.info\/reha\/wp-json\/wp\/v2\/posts"}],"about":[{"href":"https:\/\/www.psychologie-aktuell.info\/reha\/wp-json\/wp\/v2\/types\/post"}],"author":[{"embeddable":true,"href":"https:\/\/www.psychologie-aktuell.info\/reha\/wp-json\/wp\/v2\/users\/1"}],"replies":[{"embeddable":true,"href":"https:\/\/www.psychologie-aktuell.info\/reha\/wp-json\/wp\/v2\/comments?post=1115"}],"version-history":[{"count":1,"href":"https:\/\/www.psychologie-aktuell.info\/reha\/wp-json\/wp\/v2\/posts\/1115\/revisions"}],"predecessor-version":[{"id":1116,"href":"https:\/\/www.psychologie-aktuell.info\/reha\/wp-json\/wp\/v2\/posts\/1115\/revisions\/1116"}],"wp:attachment":[{"href":"https:\/\/www.psychologie-aktuell.info\/reha\/wp-json\/wp\/v2\/media?parent=1115"}],"wp:term":[{"taxonomy":"category","embeddable":true,"href":"https:\/\/www.psychologie-aktuell.info\/reha\/wp-json\/wp\/v2\/categories?post=1115"},{"taxonomy":"post_tag","embeddable":true,"href":"https:\/\/www.psychologie-aktuell.info\/reha\/wp-json\/wp\/v2\/tags?post=1115"}],"curies":[{"name":"wp","href":"https:\/\/api.w.org\/{rel}","templated":true}]}}