{"id":1135,"date":"2010-03-14T12:51:37","date_gmt":"2010-03-14T11:51:37","guid":{"rendered":"http:\/\/www.reha-psychologie.net\/reha\/?p=1135"},"modified":"2010-03-14T12:36:10","modified_gmt":"2010-03-14T11:36:10","slug":"einstellung-der-bevolkerung-zu-alkoholkranken","status":"publish","type":"post","link":"https:\/\/www.psychologie-aktuell.info\/reha\/2010\/03\/einstellung-der-bevolkerung-zu-alkoholkranken\/","title":{"rendered":"Einstellung der Bev\u00f6lkerung zu Alkoholkranken"},"content":{"rendered":"<blockquote><p>Was wei\u00df man \u00fcber die Haltung der Bev\u00f6lkerung zu Alkoholkranken? \u00dcbersicht \u00fcber alle zwischen 1948 und 2008 publizierten repr\u00e4sentativen Bev\u00f6lkerungserhebungen zu diesem Thema. Alkoholkranke werden meist selbst f\u00fcr ihre Erkrankung verantwortlich gemacht. Sie werden st\u00e4rker als z. B. Patienten mit Schizophrenie oder Depression abgelehnt. Bisher fehlen Untersuchungen, die Zusammenh\u00e4nge zwischen bestimmten Vorstellungen \u00fcber Alkoholkranke und deren Diskriminierung aufzeigen.<\/p><\/blockquote>\n<p>Quelle: <a href=\"https:\/\/www.thieme-connect.com\/DOI\/DOI10.1055\/s-0029-1223438\">Thieme eJournals &#8211; Abstract<\/a><\/p>\n","protected":false},"excerpt":{"rendered":"<p>Was wei\u00df man \u00fcber die Haltung der Bev\u00f6lkerung zu Alkoholkranken? \u00dcbersicht \u00fcber alle zwischen 1948 und 2008 publizierten repr\u00e4sentativen Bev\u00f6lkerungserhebungen zu diesem Thema. Alkoholkranke werden meist selbst f\u00fcr ihre Erkrankung verantwortlich gemacht. Sie werden st\u00e4rker als z. B. Patienten mit &hellip; <a href=\"https:\/\/www.psychologie-aktuell.info\/reha\/2010\/03\/einstellung-der-bevolkerung-zu-alkoholkranken\/\">Weiterlesen <span class=\"meta-nav\">&rarr;<\/span><\/a><\/p>\n","protected":false},"author":1,"featured_media":0,"comment_status":"open","ping_status":"open","sticky":false,"template":"","format":"standard","meta":{"_jetpack_memberships_contains_paid_content":false,"footnotes":""},"categories":[22],"tags":[105,106],"class_list":["post-1135","post","type-post","status-publish","format-standard","hentry","category-allgemein","tag-alkohol","tag-sucht"],"jetpack_featured_media_url":"","jetpack_shortlink":"https:\/\/wp.me\/p1fMVY-ij","jetpack_sharing_enabled":true,"_links":{"self":[{"href":"https:\/\/www.psychologie-aktuell.info\/reha\/wp-json\/wp\/v2\/posts\/1135","targetHints":{"allow":["GET"]}}],"collection":[{"href":"https:\/\/www.psychologie-aktuell.info\/reha\/wp-json\/wp\/v2\/posts"}],"about":[{"href":"https:\/\/www.psychologie-aktuell.info\/reha\/wp-json\/wp\/v2\/types\/post"}],"author":[{"embeddable":true,"href":"https:\/\/www.psychologie-aktuell.info\/reha\/wp-json\/wp\/v2\/users\/1"}],"replies":[{"embeddable":true,"href":"https:\/\/www.psychologie-aktuell.info\/reha\/wp-json\/wp\/v2\/comments?post=1135"}],"version-history":[{"count":1,"href":"https:\/\/www.psychologie-aktuell.info\/reha\/wp-json\/wp\/v2\/posts\/1135\/revisions"}],"predecessor-version":[{"id":1183,"href":"https:\/\/www.psychologie-aktuell.info\/reha\/wp-json\/wp\/v2\/posts\/1135\/revisions\/1183"}],"wp:attachment":[{"href":"https:\/\/www.psychologie-aktuell.info\/reha\/wp-json\/wp\/v2\/media?parent=1135"}],"wp:term":[{"taxonomy":"category","embeddable":true,"href":"https:\/\/www.psychologie-aktuell.info\/reha\/wp-json\/wp\/v2\/categories?post=1135"},{"taxonomy":"post_tag","embeddable":true,"href":"https:\/\/www.psychologie-aktuell.info\/reha\/wp-json\/wp\/v2\/tags?post=1135"}],"curies":[{"name":"wp","href":"https:\/\/api.w.org\/{rel}","templated":true}]}}