{"id":11509,"date":"2016-11-15T15:15:23","date_gmt":"2016-11-15T14:15:23","guid":{"rendered":"http:\/\/www.psychologie-aktuell.info\/reha\/?p=11509"},"modified":"2016-11-15T08:15:39","modified_gmt":"2016-11-15T07:15:39","slug":"hilfe-bei-depressionen-dfb-stellt-enkeapp-vor","status":"publish","type":"post","link":"https:\/\/www.psychologie-aktuell.info\/reha\/2016\/11\/hilfe-bei-depressionen-dfb-stellt-enkeapp-vor\/","title":{"rendered":"Hilfe bei Depressionen &#8211; DFB stellt &#8222;EnkeApp&#8220; vor"},"content":{"rendered":"<blockquote><p>Unterst\u00fctzung bei Depressionen verspricht eine neue App der Robert-Enke-Stiftung. &#8222;Das Krankheitsbild ist f\u00fcr so viele noch ein Tabuthema, und die App soll dazu beitragen, das Thema zu enttabuisieren&#8220;, sagte Teresa Enke bei der Vorstellung des Programms f\u00fcr Smartphones. Sie ist Stiftungsleiterin und Witwe des ehemaligen Nationaltorwarts Robert Enke. Der war an einer Depression erkrankt und hatte sich im November 2009 das Leben genommen.<br \/>\nDFB-Pr\u00e4sident Reinhard Grindel sagte: &#8222;Das Motto auch dieser App muss sein: Ihm, Robert Enke, konnten wir nicht helfen, anderen schon.&#8220; Der DFB unterst\u00fctzt die Stiftung finanziell.<br \/>\nDie App bietet Betroffenen in Notf\u00e4llen einen SOS-Knopf, mit dem sie diskret Hilfe anfordern k\u00f6nnen &#8211; ohne daf\u00fcr eine Nummer w\u00e4hlen oder sprechen zu m\u00fcssen. Wer zwei Sekunden auf den Knopf dr\u00fcckt, schickt seinen Standort und ein vorher erstelltes Profil an eine Notrufzentrale.<\/p><\/blockquote>\n<p>Quelle: <a href=\"http:\/\/www.spiegel.de\/gesundheit\/diagnose\/hilfe-bei-depressionen-dfb-stellt-enkeapp-vor-a-1115945.html#ref=rss\">Hilfe bei Depressionen:&nbsp;DFB stellt EnkeApp vor &#8211; SPIEGEL ONLINE<\/a><\/p>\n","protected":false},"excerpt":{"rendered":"<p>Unterst\u00fctzung bei Depressionen verspricht eine neue App der Robert-Enke-Stiftung. &#8222;Das Krankheitsbild ist f\u00fcr so viele noch ein Tabuthema, und die App soll dazu beitragen, das Thema zu enttabuisieren&#8220;, sagte Teresa Enke bei der Vorstellung des Programms f\u00fcr Smartphones. Sie ist &hellip; <a href=\"https:\/\/www.psychologie-aktuell.info\/reha\/2016\/11\/hilfe-bei-depressionen-dfb-stellt-enkeapp-vor\/\">Weiterlesen <span class=\"meta-nav\">&rarr;<\/span><\/a><\/p>\n","protected":false},"author":29,"featured_media":0,"comment_status":"closed","ping_status":"closed","sticky":false,"template":"","format":"standard","meta":{"_jetpack_memberships_contains_paid_content":false,"footnotes":""},"categories":[21],"tags":[],"class_list":["post-11509","post","type-post","status-publish","format-standard","hentry","category-zeitschriftenartikel"],"jetpack_featured_media_url":"","jetpack_shortlink":"https:\/\/wp.me\/p1fMVY-2ZD","jetpack_sharing_enabled":true,"_links":{"self":[{"href":"https:\/\/www.psychologie-aktuell.info\/reha\/wp-json\/wp\/v2\/posts\/11509","targetHints":{"allow":["GET"]}}],"collection":[{"href":"https:\/\/www.psychologie-aktuell.info\/reha\/wp-json\/wp\/v2\/posts"}],"about":[{"href":"https:\/\/www.psychologie-aktuell.info\/reha\/wp-json\/wp\/v2\/types\/post"}],"author":[{"embeddable":true,"href":"https:\/\/www.psychologie-aktuell.info\/reha\/wp-json\/wp\/v2\/users\/29"}],"replies":[{"embeddable":true,"href":"https:\/\/www.psychologie-aktuell.info\/reha\/wp-json\/wp\/v2\/comments?post=11509"}],"version-history":[{"count":3,"href":"https:\/\/www.psychologie-aktuell.info\/reha\/wp-json\/wp\/v2\/posts\/11509\/revisions"}],"predecessor-version":[{"id":11612,"href":"https:\/\/www.psychologie-aktuell.info\/reha\/wp-json\/wp\/v2\/posts\/11509\/revisions\/11612"}],"wp:attachment":[{"href":"https:\/\/www.psychologie-aktuell.info\/reha\/wp-json\/wp\/v2\/media?parent=11509"}],"wp:term":[{"taxonomy":"category","embeddable":true,"href":"https:\/\/www.psychologie-aktuell.info\/reha\/wp-json\/wp\/v2\/categories?post=11509"},{"taxonomy":"post_tag","embeddable":true,"href":"https:\/\/www.psychologie-aktuell.info\/reha\/wp-json\/wp\/v2\/tags?post=11509"}],"curies":[{"name":"wp","href":"https:\/\/api.w.org\/{rel}","templated":true}]}}