{"id":11562,"date":"2016-11-17T06:18:52","date_gmt":"2016-11-17T05:18:52","guid":{"rendered":"http:\/\/www.psychologie-aktuell.info\/reha\/?p=11562"},"modified":"2016-11-15T08:10:18","modified_gmt":"2016-11-15T07:10:18","slug":"multimodale-schmerztherapie-2","status":"publish","type":"post","link":"https:\/\/www.psychologie-aktuell.info\/reha\/2016\/11\/multimodale-schmerztherapie-2\/","title":{"rendered":"Multimodale Schmerztherapie"},"content":{"rendered":"<blockquote>\n<p class=\"introtext\">\u00d6sterreich erf\u00fcllt die internationalen Standards der Schmerztherapie nicht mehr. In der Behandlung hat sich ein Paradigmenwechsel vom biomedizinischen zum bio-psychosozialen Therapieansatz vollzogen. Daf\u00fcr br\u00e4uchte es interdisziplin\u00e4re Behandlungsnetzwerke, durch die der Arzt des Vertrauens eher als Lotse denn als Akteur f\u00fchrt.<\/p>\n<p>\u201eSchmerz ist ein unangenehmes Sinnes- und Gef\u00fchlserlebnis, das mit einer tats\u00e4chlichen oder m\u00f6glichen Gewebssch\u00e4digung einhergeht oder als solche beschrieben wird. Schmerz ist immer subjektiv.\u201c So jedenfalls lautet die Definition der Internationalen Gesellschaft zur Studie des Schmerzes. In ihr zeigt sich auch bereits die gesamte Problematik dieses ebenso weit verbreiteten wie immer noch untersch\u00e4tzten medizinischen Ph\u00e4nomens: Weil Schmerz so schwer zu erfassen ist, au\u00dfer durch den Patienten selbst, und damit praktisch nicht zu messen, ist es bis heute nicht gelungen, \u201eSchmerz als Krankheit im medizinischen System unterzubringen\u201c, erl\u00e4utert der Gesundheits\u00f6konom und Versorgungswissenschaftler Dr. Ernest G. Pichlbauer. \u201eSchmerz ist vorhanden, wenn die Person, die ihn erf\u00e4hrt, sagt, dass er da ist.\u201c<\/p>\n<p>In der neuesten, der insgesamt elften Version der ICD (Internationale Klassifikation der Krankheiten und verwandter Gesundheitsprobleme), deren Verabschiedung f\u00fcr 2017 geplant ist, soll der Schmerz dann als neue Diagnose erstmals klassifiziert werden.<\/p>\n<p>Auch wenn Schmerz also derzeit offiziell noch nicht als Krankheit anerkannt ist, spricht Pichlbauer von \u201eder Volkskrankheit chronischer Schmerz\u201c. Die Krebspatienten nicht mitgerechnet, soll es nach vorsichtigen Sch\u00e4tzungen alleine in \u00d6sterreich mindestens 1,5 Millionen Betroffene geben, die unter \u201elebenseinschr\u00e4nkenden chronischen Schmerzen\u201c leiden. Nicht wenige davon werden in der Folge depressiv oder suchtmittelabh\u00e4ngig.<\/p><\/blockquote>\n<p>Quelle: <a href=\"http:\/\/www.springermedizin.at\/gesundheitspolitik\/?full=55284\">Multimodale Schmerztherapie &#8211; Springer Professional Media, Bereich Medizin<\/a><\/p>\n","protected":false},"excerpt":{"rendered":"<p>\u00d6sterreich erf\u00fcllt die internationalen Standards der Schmerztherapie nicht mehr. In der Behandlung hat sich ein Paradigmenwechsel vom biomedizinischen zum bio-psychosozialen Therapieansatz vollzogen. Daf\u00fcr br\u00e4uchte es interdisziplin\u00e4re Behandlungsnetzwerke, durch die der Arzt des Vertrauens eher als Lotse denn als Akteur f\u00fchrt. &hellip; <a href=\"https:\/\/www.psychologie-aktuell.info\/reha\/2016\/11\/multimodale-schmerztherapie-2\/\">Weiterlesen <span class=\"meta-nav\">&rarr;<\/span><\/a><\/p>\n","protected":false},"author":29,"featured_media":0,"comment_status":"closed","ping_status":"closed","sticky":false,"template":"","format":"standard","meta":{"_jetpack_memberships_contains_paid_content":false,"footnotes":""},"categories":[21],"tags":[],"class_list":["post-11562","post","type-post","status-publish","format-standard","hentry","category-zeitschriftenartikel"],"jetpack_featured_media_url":"","jetpack_shortlink":"https:\/\/wp.me\/p1fMVY-30u","jetpack_sharing_enabled":true,"_links":{"self":[{"href":"https:\/\/www.psychologie-aktuell.info\/reha\/wp-json\/wp\/v2\/posts\/11562","targetHints":{"allow":["GET"]}}],"collection":[{"href":"https:\/\/www.psychologie-aktuell.info\/reha\/wp-json\/wp\/v2\/posts"}],"about":[{"href":"https:\/\/www.psychologie-aktuell.info\/reha\/wp-json\/wp\/v2\/types\/post"}],"author":[{"embeddable":true,"href":"https:\/\/www.psychologie-aktuell.info\/reha\/wp-json\/wp\/v2\/users\/29"}],"replies":[{"embeddable":true,"href":"https:\/\/www.psychologie-aktuell.info\/reha\/wp-json\/wp\/v2\/comments?post=11562"}],"version-history":[{"count":3,"href":"https:\/\/www.psychologie-aktuell.info\/reha\/wp-json\/wp\/v2\/posts\/11562\/revisions"}],"predecessor-version":[{"id":11589,"href":"https:\/\/www.psychologie-aktuell.info\/reha\/wp-json\/wp\/v2\/posts\/11562\/revisions\/11589"}],"wp:attachment":[{"href":"https:\/\/www.psychologie-aktuell.info\/reha\/wp-json\/wp\/v2\/media?parent=11562"}],"wp:term":[{"taxonomy":"category","embeddable":true,"href":"https:\/\/www.psychologie-aktuell.info\/reha\/wp-json\/wp\/v2\/categories?post=11562"},{"taxonomy":"post_tag","embeddable":true,"href":"https:\/\/www.psychologie-aktuell.info\/reha\/wp-json\/wp\/v2\/tags?post=11562"}],"curies":[{"name":"wp","href":"https:\/\/api.w.org\/{rel}","templated":true}]}}