{"id":11769,"date":"2017-01-26T06:41:06","date_gmt":"2017-01-26T05:41:06","guid":{"rendered":"http:\/\/www.psychologie-aktuell.info\/reha\/?p=11769"},"modified":"2017-01-15T20:27:35","modified_gmt":"2017-01-15T19:27:35","slug":"wie-valide-ist-die-diagnostik-in-der-psychosomatischen-rehabilitation","status":"publish","type":"post","link":"https:\/\/www.psychologie-aktuell.info\/reha\/2017\/01\/wie-valide-ist-die-diagnostik-in-der-psychosomatischen-rehabilitation\/","title":{"rendered":"Wie valide ist die Diagnostik in der psychosomatischen Rehabilitation?"},"content":{"rendered":"<blockquote><p>Das Ziel einer medizinischen Rehabilitation ist die Wiedereingliederung ins Erwerbsleben. F\u00fcr die individuelle Therapieplanung ist eine fundierte Diagnostik notwendig. Studien weisen jedoch darauf hin, dass Kliniker nur rund 53 % der Schl\u00fcsselkriterien einer psychischen St\u00f6rung erfragen. Das Ziel der vorliegenden Studie dient der Validierung der im Rahmen eines Anamnesegespr\u00e4chs gestellten Diagnosen innerhalb von psychosomatischen Rehabilitationszentren anhand eines strukturierten Interviewleitfadens (SKID). Die randomisierte Stichprobe (N = 136) wurde aus dem Patientenpool der Rehabilitationszentren Oberharz und Bad Pyrmont der Deutschen Rentenversicherung Braunschweig Hannover erhoben. Jeder Patient wurde durch einen Therapeuten im Rahmen des Anamnesegespr\u00e4chs und zudem anhand eines strukturierten Interviews diagnostiziert. Die Ergebnisse der vorliegenden Studie weisen darauf hin, dass sich die Diagnosevergaben auf der Basis eines strukturierten Interviews und einem Anamnesegespr\u00e4ch stark unterscheiden. Demnach stellt ein strukturiertes Interview eine M\u00f6glichkeit dar, zu validen Diagnose im Kontext der psychosomatischen Rehabilitation zu gelangen.<\/p><\/blockquote>\n<p>Quelle: <a href=\"http:\/\/econtent.hogrefe.com\/doi\/abs\/10.1024\/1661-4747\/a000277\">Wie valide ist die Diagnostik in der psychosomatischen Rehabilitation?: Zeitschrift f\u00fcr Psychiatrie, Psychologie und Psychotherapie: Vol 64, No 3<\/a><\/p>\n","protected":false},"excerpt":{"rendered":"<p>Das Ziel einer medizinischen Rehabilitation ist die Wiedereingliederung ins Erwerbsleben. F\u00fcr die individuelle Therapieplanung ist eine fundierte Diagnostik notwendig. Studien weisen jedoch darauf hin, dass Kliniker nur rund 53 % der Schl\u00fcsselkriterien einer psychischen St\u00f6rung erfragen. Das Ziel der vorliegenden &hellip; <a href=\"https:\/\/www.psychologie-aktuell.info\/reha\/2017\/01\/wie-valide-ist-die-diagnostik-in-der-psychosomatischen-rehabilitation\/\">Weiterlesen <span class=\"meta-nav\">&rarr;<\/span><\/a><\/p>\n","protected":false},"author":29,"featured_media":0,"comment_status":"closed","ping_status":"closed","sticky":false,"template":"","format":"standard","meta":{"_jetpack_memberships_contains_paid_content":false,"footnotes":""},"categories":[21],"tags":[],"class_list":["post-11769","post","type-post","status-publish","format-standard","hentry","category-zeitschriftenartikel"],"jetpack_featured_media_url":"","jetpack_shortlink":"https:\/\/wp.me\/p1fMVY-33P","jetpack_sharing_enabled":true,"_links":{"self":[{"href":"https:\/\/www.psychologie-aktuell.info\/reha\/wp-json\/wp\/v2\/posts\/11769","targetHints":{"allow":["GET"]}}],"collection":[{"href":"https:\/\/www.psychologie-aktuell.info\/reha\/wp-json\/wp\/v2\/posts"}],"about":[{"href":"https:\/\/www.psychologie-aktuell.info\/reha\/wp-json\/wp\/v2\/types\/post"}],"author":[{"embeddable":true,"href":"https:\/\/www.psychologie-aktuell.info\/reha\/wp-json\/wp\/v2\/users\/29"}],"replies":[{"embeddable":true,"href":"https:\/\/www.psychologie-aktuell.info\/reha\/wp-json\/wp\/v2\/comments?post=11769"}],"version-history":[{"count":3,"href":"https:\/\/www.psychologie-aktuell.info\/reha\/wp-json\/wp\/v2\/posts\/11769\/revisions"}],"predecessor-version":[{"id":12017,"href":"https:\/\/www.psychologie-aktuell.info\/reha\/wp-json\/wp\/v2\/posts\/11769\/revisions\/12017"}],"wp:attachment":[{"href":"https:\/\/www.psychologie-aktuell.info\/reha\/wp-json\/wp\/v2\/media?parent=11769"}],"wp:term":[{"taxonomy":"category","embeddable":true,"href":"https:\/\/www.psychologie-aktuell.info\/reha\/wp-json\/wp\/v2\/categories?post=11769"},{"taxonomy":"post_tag","embeddable":true,"href":"https:\/\/www.psychologie-aktuell.info\/reha\/wp-json\/wp\/v2\/tags?post=11769"}],"curies":[{"name":"wp","href":"https:\/\/api.w.org\/{rel}","templated":true}]}}