{"id":11791,"date":"2016-12-01T05:15:26","date_gmt":"2016-12-01T04:15:26","guid":{"rendered":"http:\/\/www.psychologie-aktuell.info\/reha\/?p=11791"},"modified":"2016-11-27T11:17:34","modified_gmt":"2016-11-27T10:17:34","slug":"diagnostik-somatoformer-stoerungen","status":"publish","type":"post","link":"https:\/\/www.psychologie-aktuell.info\/reha\/2016\/12\/diagnostik-somatoformer-stoerungen\/","title":{"rendered":"Diagnostik somatoformer St\u00f6rungen"},"content":{"rendered":"<blockquote><p>Somatoforme Beschwerden zeichnen sich durch anhaltende und die Betroffenen subjektiv sehr belastende K\u00f6rperbeschwerden aus, fu\u0308r die auch nach angemessener somatischer Diagnostik keine ausreichende organmedizinische Erkl\u00e4rung gefunden werden kann.<\/p>\n<p>Im Rahmen der Diagnostik gilt es, die Balance zwischen somatischer und psychopathologischer Diagnostik zu finden, ung\u00fcnstige Verl\u00e4ufe rechtzeitig zu erkennen, die klinische Relevanz der Beschwerden abzusch\u00e4tzen sowie komorbide St\u00f6rungen zu erfassen. Auch sozial- und arbeitsmedizinische Aspekte m\u00fcssen dabei ebenso im Blick behalten werden wie das Ursachenmodell der Patienten. Da dieses h\u00e4ufig einseitig somatisch ausgerichtet ist und die Patienten einer psychosomatischen Perspektive oft mit \u2013 zumindest initial \u2013 ablehnender Skepsis begegnen, hat sich ein wenig konfrontativer Gespr\u00e4chsstil bew\u00e4hrt.<\/p>\n<p>Die klinische Diagnostik basiert prim\u00e4r auf einer umfassenden Anamnese. Sie kann ggf. durch Fragebogenverfahren und strukturierte Interviews erg\u00e4nzt werden.<\/p><\/blockquote>\n<p>Quelle: <a href=\"https:\/\/www.thieme-connect.de\/DOI\/DOI?10.1055\/s-0042-109436\">Thieme E-Journals &#8211; PSYCH up2date \/ Abstract<\/a><\/p>\n","protected":false},"excerpt":{"rendered":"<p>Somatoforme Beschwerden zeichnen sich durch anhaltende und die Betroffenen subjektiv sehr belastende K\u00f6rperbeschwerden aus, fu\u0308r die auch nach angemessener somatischer Diagnostik keine ausreichende organmedizinische Erkl\u00e4rung gefunden werden kann. Im Rahmen der Diagnostik gilt es, die Balance zwischen somatischer und psychopathologischer &hellip; <a href=\"https:\/\/www.psychologie-aktuell.info\/reha\/2016\/12\/diagnostik-somatoformer-stoerungen\/\">Weiterlesen <span class=\"meta-nav\">&rarr;<\/span><\/a><\/p>\n","protected":false},"author":29,"featured_media":0,"comment_status":"closed","ping_status":"closed","sticky":false,"template":"","format":"standard","meta":{"_jetpack_memberships_contains_paid_content":false,"footnotes":""},"categories":[21],"tags":[],"class_list":["post-11791","post","type-post","status-publish","format-standard","hentry","category-zeitschriftenartikel"],"jetpack_featured_media_url":"","jetpack_shortlink":"https:\/\/wp.me\/p1fMVY-34b","jetpack_sharing_enabled":true,"_links":{"self":[{"href":"https:\/\/www.psychologie-aktuell.info\/reha\/wp-json\/wp\/v2\/posts\/11791","targetHints":{"allow":["GET"]}}],"collection":[{"href":"https:\/\/www.psychologie-aktuell.info\/reha\/wp-json\/wp\/v2\/posts"}],"about":[{"href":"https:\/\/www.psychologie-aktuell.info\/reha\/wp-json\/wp\/v2\/types\/post"}],"author":[{"embeddable":true,"href":"https:\/\/www.psychologie-aktuell.info\/reha\/wp-json\/wp\/v2\/users\/29"}],"replies":[{"embeddable":true,"href":"https:\/\/www.psychologie-aktuell.info\/reha\/wp-json\/wp\/v2\/comments?post=11791"}],"version-history":[{"count":3,"href":"https:\/\/www.psychologie-aktuell.info\/reha\/wp-json\/wp\/v2\/posts\/11791\/revisions"}],"predecessor-version":[{"id":11912,"href":"https:\/\/www.psychologie-aktuell.info\/reha\/wp-json\/wp\/v2\/posts\/11791\/revisions\/11912"}],"wp:attachment":[{"href":"https:\/\/www.psychologie-aktuell.info\/reha\/wp-json\/wp\/v2\/media?parent=11791"}],"wp:term":[{"taxonomy":"category","embeddable":true,"href":"https:\/\/www.psychologie-aktuell.info\/reha\/wp-json\/wp\/v2\/categories?post=11791"},{"taxonomy":"post_tag","embeddable":true,"href":"https:\/\/www.psychologie-aktuell.info\/reha\/wp-json\/wp\/v2\/tags?post=11791"}],"curies":[{"name":"wp","href":"https:\/\/api.w.org\/{rel}","templated":true}]}}