{"id":11797,"date":"2017-01-30T06:40:41","date_gmt":"2017-01-30T05:40:41","guid":{"rendered":"http:\/\/www.psychologie-aktuell.info\/reha\/?p=11797"},"modified":"2017-01-15T20:17:53","modified_gmt":"2017-01-15T19:17:53","slug":"qualitaetsindikatoren-fuer-die-behandlung-von-menschen-mit-schizophrenie-ergebnisse-einer-anwendungsstudie","status":"publish","type":"post","link":"https:\/\/www.psychologie-aktuell.info\/reha\/2017\/01\/qualitaetsindikatoren-fuer-die-behandlung-von-menschen-mit-schizophrenie-ergebnisse-einer-anwendungsstudie\/","title":{"rendered":"Qualit\u00e4tsindikatoren f\u00fcr die Behandlung von Menschen mit Schizophrenie \u2013 Ergebnisse einer Anwendungsstudie"},"content":{"rendered":"<blockquote><p><span class=\"b\">Ziele der Studie:<\/span> Die vorliegende Studie \u00fcberpr\u00fcfte anhand einer Kohorte (n\u200a=\u200a85) die Anwendbarkeit eines Indikatorensets f\u00fcr die Integrierte Versorgung von Menschen mit Schizophrenie.<\/p>\n<p><span class=\"b\">Methoden:<\/span> Erste Kennzahlen zu Basis- und Qualit\u00e4tsindikatoren wurden anhand von Routine- und Prim\u00e4rdaten ermittelt.<\/p>\n<p><span class=\"b\">Ergebnisse:<\/span> F\u00fcr 4 Indikatoren liegen Zielwerte vor, die zum Teil deutlich verfehlt wurden. Die Indikatoren f\u00fcr antipsychotische Polypharmazie, psychotherapeutische Behandlung und Kontinuit\u00e4t psychiatrischer Behandlung nach Entlassung aus der Klinik zeigen eine geringe Leitlinienkonformit\u00e4t.<\/p>\n<p><span class=\"b\">Schlussfolgerung:<\/span> Die Studie zeigt, dass die Erhebung von Qualit\u00e4tsindikatoren m\u00f6glich ist, weist aber auch auf die Grenzen hinsichtlich der Machbarkeit, \u00c4nderungssensitivit\u00e4t und Validierung hin.<\/p><\/blockquote>\n<p>Quelle: <a href=\"https:\/\/www.thieme-connect.de\/DOI\/DOI?10.1055\/s-0042-112300\">Thieme E-Journals &#8211; Psychiatrische Praxis \/ Abstract<\/a><\/p>\n","protected":false},"excerpt":{"rendered":"<p>Ziele der Studie: Die vorliegende Studie \u00fcberpr\u00fcfte anhand einer Kohorte (n\u200a=\u200a85) die Anwendbarkeit eines Indikatorensets f\u00fcr die Integrierte Versorgung von Menschen mit Schizophrenie. Methoden: Erste Kennzahlen zu Basis- und Qualit\u00e4tsindikatoren wurden anhand von Routine- und Prim\u00e4rdaten ermittelt. Ergebnisse: F\u00fcr 4 &hellip; <a href=\"https:\/\/www.psychologie-aktuell.info\/reha\/2017\/01\/qualitaetsindikatoren-fuer-die-behandlung-von-menschen-mit-schizophrenie-ergebnisse-einer-anwendungsstudie\/\">Weiterlesen <span class=\"meta-nav\">&rarr;<\/span><\/a><\/p>\n","protected":false},"author":29,"featured_media":0,"comment_status":"closed","ping_status":"closed","sticky":false,"template":"","format":"standard","meta":{"_jetpack_memberships_contains_paid_content":false,"footnotes":""},"categories":[21],"tags":[],"class_list":["post-11797","post","type-post","status-publish","format-standard","hentry","category-zeitschriftenartikel"],"jetpack_featured_media_url":"","jetpack_shortlink":"https:\/\/wp.me\/p1fMVY-34h","jetpack_sharing_enabled":true,"_links":{"self":[{"href":"https:\/\/www.psychologie-aktuell.info\/reha\/wp-json\/wp\/v2\/posts\/11797","targetHints":{"allow":["GET"]}}],"collection":[{"href":"https:\/\/www.psychologie-aktuell.info\/reha\/wp-json\/wp\/v2\/posts"}],"about":[{"href":"https:\/\/www.psychologie-aktuell.info\/reha\/wp-json\/wp\/v2\/types\/post"}],"author":[{"embeddable":true,"href":"https:\/\/www.psychologie-aktuell.info\/reha\/wp-json\/wp\/v2\/users\/29"}],"replies":[{"embeddable":true,"href":"https:\/\/www.psychologie-aktuell.info\/reha\/wp-json\/wp\/v2\/comments?post=11797"}],"version-history":[{"count":3,"href":"https:\/\/www.psychologie-aktuell.info\/reha\/wp-json\/wp\/v2\/posts\/11797\/revisions"}],"predecessor-version":[{"id":12002,"href":"https:\/\/www.psychologie-aktuell.info\/reha\/wp-json\/wp\/v2\/posts\/11797\/revisions\/12002"}],"wp:attachment":[{"href":"https:\/\/www.psychologie-aktuell.info\/reha\/wp-json\/wp\/v2\/media?parent=11797"}],"wp:term":[{"taxonomy":"category","embeddable":true,"href":"https:\/\/www.psychologie-aktuell.info\/reha\/wp-json\/wp\/v2\/categories?post=11797"},{"taxonomy":"post_tag","embeddable":true,"href":"https:\/\/www.psychologie-aktuell.info\/reha\/wp-json\/wp\/v2\/tags?post=11797"}],"curies":[{"name":"wp","href":"https:\/\/api.w.org\/{rel}","templated":true}]}}