{"id":1180,"date":"2010-03-13T10:36:11","date_gmt":"2010-03-13T09:36:11","guid":{"rendered":"http:\/\/www.reha-psychologie.net\/reha\/?p=1180"},"modified":"2010-03-13T09:55:15","modified_gmt":"2010-03-13T08:55:15","slug":"burn-out-risikofaktoren-bei-therapeuten","status":"publish","type":"post","link":"https:\/\/www.psychologie-aktuell.info\/reha\/2010\/03\/burn-out-risikofaktoren-bei-therapeuten\/","title":{"rendered":"Burn-out: Risikofaktoren bei Therapeuten"},"content":{"rendered":"<blockquote><p>Die Berufe des Psychologen und Psychotherapeuten gehen mit einem erh\u00f6hten Burn-out-Risiko einher. Australische Psychologinnen haben untersucht, welche Rolle berufliche Faktoren dabei spielen. Sie fragten 190 klinische Psychologen und Psychotherapeuten nach spezifischen Belastungen im Beruf und fanden vier Faktoren: Einstellungen, Inflexibilit\u00e4t, Verantwortung und Kontrolle. Beispielsweise f\u00fchrte die Einstellung, dass Patienten in der Therapie nicht zu sehr beansprucht werden oder keinesfalls leiden sollten, zu intensiven Bem\u00fchungen, jegliche Art von Aufregung von den Patienten fernzuhalten. Die Befragten erlebten dies auf Dauer als belastend. Aber auch inflexible, dogmatische Haltungen, beispielsweise die Ansicht, dass man das Therapieverfahren nicht wechseln und nicht vom Schema abweichen d\u00fcrfe, werden als Belastung empfunden. Stress l\u00f6ste au\u00dferdem die Vorstellung aus, f\u00fcr die Genesung des Patienten und den Therapieerfolg allein verantwortlich zu sein oder die Therapie nicht st\u00e4ndig unter Kontrolle zu haben.<\/p><\/blockquote>\n<p>Quelle: <a href=\"http:\/\/www.aerzteblatt.de\/v4\/archiv\/artikel.asp?src=heft&amp;id=68021\">Deutsches \u00c4rzteblatt: Archiv &#8222;Burn-out: Risikofaktoren bei Therapeuten&#8220; (10.03.2010)<\/a><\/p>\n","protected":false},"excerpt":{"rendered":"<p>Die Berufe des Psychologen und Psychotherapeuten gehen mit einem erh\u00f6hten Burn-out-Risiko einher. Australische Psychologinnen haben untersucht, welche Rolle berufliche Faktoren dabei spielen. Sie fragten 190 klinische Psychologen und Psychotherapeuten nach spezifischen Belastungen im Beruf und fanden vier Faktoren: Einstellungen, Inflexibilit\u00e4t, &hellip; <a href=\"https:\/\/www.psychologie-aktuell.info\/reha\/2010\/03\/burn-out-risikofaktoren-bei-therapeuten\/\">Weiterlesen <span class=\"meta-nav\">&rarr;<\/span><\/a><\/p>\n","protected":false},"author":1,"featured_media":0,"comment_status":"open","ping_status":"open","sticky":false,"template":"","format":"standard","meta":{"_jetpack_memberships_contains_paid_content":false,"footnotes":""},"categories":[21],"tags":[29,243,242],"class_list":["post-1180","post","type-post","status-publish","format-standard","hentry","category-zeitschriftenartikel","tag-arbeit-beruf","tag-burnout","tag-stress"],"jetpack_featured_media_url":"","jetpack_shortlink":"https:\/\/wp.me\/p1fMVY-j2","jetpack_sharing_enabled":true,"_links":{"self":[{"href":"https:\/\/www.psychologie-aktuell.info\/reha\/wp-json\/wp\/v2\/posts\/1180","targetHints":{"allow":["GET"]}}],"collection":[{"href":"https:\/\/www.psychologie-aktuell.info\/reha\/wp-json\/wp\/v2\/posts"}],"about":[{"href":"https:\/\/www.psychologie-aktuell.info\/reha\/wp-json\/wp\/v2\/types\/post"}],"author":[{"embeddable":true,"href":"https:\/\/www.psychologie-aktuell.info\/reha\/wp-json\/wp\/v2\/users\/1"}],"replies":[{"embeddable":true,"href":"https:\/\/www.psychologie-aktuell.info\/reha\/wp-json\/wp\/v2\/comments?post=1180"}],"version-history":[{"count":1,"href":"https:\/\/www.psychologie-aktuell.info\/reha\/wp-json\/wp\/v2\/posts\/1180\/revisions"}],"predecessor-version":[{"id":1182,"href":"https:\/\/www.psychologie-aktuell.info\/reha\/wp-json\/wp\/v2\/posts\/1180\/revisions\/1182"}],"wp:attachment":[{"href":"https:\/\/www.psychologie-aktuell.info\/reha\/wp-json\/wp\/v2\/media?parent=1180"}],"wp:term":[{"taxonomy":"category","embeddable":true,"href":"https:\/\/www.psychologie-aktuell.info\/reha\/wp-json\/wp\/v2\/categories?post=1180"},{"taxonomy":"post_tag","embeddable":true,"href":"https:\/\/www.psychologie-aktuell.info\/reha\/wp-json\/wp\/v2\/tags?post=1180"}],"curies":[{"name":"wp","href":"https:\/\/api.w.org\/{rel}","templated":true}]}}