{"id":11803,"date":"2017-02-02T06:40:31","date_gmt":"2017-02-02T05:40:31","guid":{"rendered":"http:\/\/www.psychologie-aktuell.info\/reha\/?p=11803"},"modified":"2017-01-15T20:19:41","modified_gmt":"2017-01-15T19:19:41","slug":"von-den-ersten-symptomen-bis-zur-behandlung-einer-depression-wann-und-bei-wem-suchen-menschen-mit-depression-hilfe-welche-rolle-spielt-stigmatisierung","status":"publish","type":"post","link":"https:\/\/www.psychologie-aktuell.info\/reha\/2017\/02\/von-den-ersten-symptomen-bis-zur-behandlung-einer-depression-wann-und-bei-wem-suchen-menschen-mit-depression-hilfe-welche-rolle-spielt-stigmatisierung\/","title":{"rendered":"Von den ersten Symptomen bis zur Behandlung einer Depression. Wann und bei wem suchen Menschen mit Depression Hilfe? Welche Rolle spielt Stigmatisierung?"},"content":{"rendered":"<blockquote><p><span class=\"b\">Ziel der Studie:<\/span> Erfassung des Zeitraums zwischen Auftreten erster Symptome und Inanspruchnahme einer Behandlung und Rolle der Stigmatisierung<\/p>\n<p><span class=\"b\">Methodik:<\/span> Befragung auf dem 2. Deutschen Patientenkongress Depression.<\/p>\n<p><span class=\"b\">Ergebnisse:<\/span> Bei zwei Drittel der Betroffenen vergingen mehr als 3 Monate, bei etwa einem Viertel mehr als 3 Jahre zwischen Auftreten erster Symptome und Aufnahme einer Behandlung. Etwa zwei Drittel erhielten eine Diagnose zuerst von einem Facharzt. H\u00e4ufigste Behandlungen waren Psychotherapie, Pharmakotherapie oder eine Kombination aus beiden.<\/p>\n<p><span class=\"b\">Schlussfolgerung:<\/span> Eine Erkl\u00e4rung f\u00fcr eine verz\u00f6gerte Inanspruchnahme einer Behandlung k\u00f6nnte die von Betroffenen wahrgenommene \u00f6ffentliche Stigmatisierung sein.<\/p><\/blockquote>\n<p>Quelle: <a href=\"https:\/\/www.thieme-connect.de\/DOI\/DOI?10.1055\/s-0042-113237\">Thieme E-Journals &#8211; Psychiatrische Praxis \/ Abstract<\/a><\/p>\n","protected":false},"excerpt":{"rendered":"<p>Ziel der Studie: Erfassung des Zeitraums zwischen Auftreten erster Symptome und Inanspruchnahme einer Behandlung und Rolle der Stigmatisierung Methodik: Befragung auf dem 2. Deutschen Patientenkongress Depression. Ergebnisse: Bei zwei Drittel der Betroffenen vergingen mehr als 3 Monate, bei etwa einem &hellip; <a href=\"https:\/\/www.psychologie-aktuell.info\/reha\/2017\/02\/von-den-ersten-symptomen-bis-zur-behandlung-einer-depression-wann-und-bei-wem-suchen-menschen-mit-depression-hilfe-welche-rolle-spielt-stigmatisierung\/\">Weiterlesen <span class=\"meta-nav\">&rarr;<\/span><\/a><\/p>\n","protected":false},"author":29,"featured_media":0,"comment_status":"closed","ping_status":"closed","sticky":false,"template":"","format":"standard","meta":{"_jetpack_memberships_contains_paid_content":false,"footnotes":""},"categories":[21],"tags":[],"class_list":["post-11803","post","type-post","status-publish","format-standard","hentry","category-zeitschriftenartikel"],"jetpack_featured_media_url":"","jetpack_shortlink":"https:\/\/wp.me\/p1fMVY-34n","jetpack_sharing_enabled":true,"_links":{"self":[{"href":"https:\/\/www.psychologie-aktuell.info\/reha\/wp-json\/wp\/v2\/posts\/11803","targetHints":{"allow":["GET"]}}],"collection":[{"href":"https:\/\/www.psychologie-aktuell.info\/reha\/wp-json\/wp\/v2\/posts"}],"about":[{"href":"https:\/\/www.psychologie-aktuell.info\/reha\/wp-json\/wp\/v2\/types\/post"}],"author":[{"embeddable":true,"href":"https:\/\/www.psychologie-aktuell.info\/reha\/wp-json\/wp\/v2\/users\/29"}],"replies":[{"embeddable":true,"href":"https:\/\/www.psychologie-aktuell.info\/reha\/wp-json\/wp\/v2\/comments?post=11803"}],"version-history":[{"count":3,"href":"https:\/\/www.psychologie-aktuell.info\/reha\/wp-json\/wp\/v2\/posts\/11803\/revisions"}],"predecessor-version":[{"id":11999,"href":"https:\/\/www.psychologie-aktuell.info\/reha\/wp-json\/wp\/v2\/posts\/11803\/revisions\/11999"}],"wp:attachment":[{"href":"https:\/\/www.psychologie-aktuell.info\/reha\/wp-json\/wp\/v2\/media?parent=11803"}],"wp:term":[{"taxonomy":"category","embeddable":true,"href":"https:\/\/www.psychologie-aktuell.info\/reha\/wp-json\/wp\/v2\/categories?post=11803"},{"taxonomy":"post_tag","embeddable":true,"href":"https:\/\/www.psychologie-aktuell.info\/reha\/wp-json\/wp\/v2\/tags?post=11803"}],"curies":[{"name":"wp","href":"https:\/\/api.w.org\/{rel}","templated":true}]}}