{"id":121,"date":"2008-05-06T15:14:22","date_gmt":"2008-05-06T13:14:22","guid":{"rendered":"http:\/\/reha-psychologie.net\/reha\/?p=121"},"modified":"2008-07-19T17:37:52","modified_gmt":"2008-07-19T15:37:52","slug":"tagung-depression-zum-umgang-mit-der-volkskrankheit-vom-6-bis-8-juni-2008-in-berlin-schwanenwerder","status":"publish","type":"post","link":"https:\/\/www.psychologie-aktuell.info\/reha\/2008\/05\/tagung-depression-zum-umgang-mit-der-volkskrankheit-vom-6-bis-8-juni-2008-in-berlin-schwanenwerder\/","title":{"rendered":"Tagung &#8222;Depression &#8211; Zum Umgang mit der Volkskrankheit&#8220; vom 6. bis 8. Juni 2008 in Berlin-Schwanenwerder"},"content":{"rendered":"<p>Gesellschaftliche Bedingungen gelten als zentrale Ursache f\u00fcr die Zunahme von Depressionen in den Industrienationen. Was kann der Einzelne tun, um Depressionen vorzubeugen, und wo gibt es gesellschaftliche Ans\u00e4tze, um das Risiko f\u00fcr solche Erkrankungen zu verhindern? Zu diesem Thema veranstaltet die Evangelische Akademie zu Berlin die\u00c2\u00a0Tagung\u00c2\u00a0&#8222;Depression &#8211; Zum Umgang mit der Volkskrankheit&#8220; vom 6. bis\u00c2\u00a08. Juni 2008 in der Evangelischen Bildungsst\u00e4tte auf Schwanenwerder\/ Berlin. Die Veranstaltung wendet sich an VertreterInnen der Gesundheitsberufe, SeelsorgerInnen, TheologInnen und interessierte B\u00fcrgerInnen.<\/p>\n<p>Anmelden k\u00f6nnen Sie sich online unter: http:\/\/www.eaberlin.de\/anmeldeformular.php?id=332. Weitere Ausk\u00fcnfte erhalten Sie \u00fcber die Evangelische Akademie (Frau Elter, 030 \/ 203 55 &#8211; 411; <a href=\"mailto:elter@eaberlin.de\">elter@eaberlin.de<\/a>).<\/p>\n","protected":false},"excerpt":{"rendered":"<p>Gesellschaftliche Bedingungen gelten als zentrale Ursache f\u00fcr die Zunahme von Depressionen in den Industrienationen. Was kann der Einzelne tun, um Depressionen vorzubeugen, und wo gibt es gesellschaftliche Ans\u00e4tze, um das Risiko f\u00fcr solche Erkrankungen zu verhindern? Zu diesem Thema veranstaltet &hellip; <a href=\"https:\/\/www.psychologie-aktuell.info\/reha\/2008\/05\/tagung-depression-zum-umgang-mit-der-volkskrankheit-vom-6-bis-8-juni-2008-in-berlin-schwanenwerder\/\">Weiterlesen <span class=\"meta-nav\">&rarr;<\/span><\/a><\/p>\n","protected":false},"author":4,"featured_media":0,"comment_status":"open","ping_status":"open","sticky":false,"template":"","format":"standard","meta":{"_jetpack_memberships_contains_paid_content":false,"footnotes":""},"categories":[36],"tags":[],"class_list":["post-121","post","type-post","status-publish","format-standard","hentry","category-termine"],"jetpack_featured_media_url":"","jetpack_shortlink":"https:\/\/wp.me\/p1fMVY-1X","jetpack_sharing_enabled":true,"_links":{"self":[{"href":"https:\/\/www.psychologie-aktuell.info\/reha\/wp-json\/wp\/v2\/posts\/121","targetHints":{"allow":["GET"]}}],"collection":[{"href":"https:\/\/www.psychologie-aktuell.info\/reha\/wp-json\/wp\/v2\/posts"}],"about":[{"href":"https:\/\/www.psychologie-aktuell.info\/reha\/wp-json\/wp\/v2\/types\/post"}],"author":[{"embeddable":true,"href":"https:\/\/www.psychologie-aktuell.info\/reha\/wp-json\/wp\/v2\/users\/4"}],"replies":[{"embeddable":true,"href":"https:\/\/www.psychologie-aktuell.info\/reha\/wp-json\/wp\/v2\/comments?post=121"}],"version-history":[{"count":0,"href":"https:\/\/www.psychologie-aktuell.info\/reha\/wp-json\/wp\/v2\/posts\/121\/revisions"}],"wp:attachment":[{"href":"https:\/\/www.psychologie-aktuell.info\/reha\/wp-json\/wp\/v2\/media?parent=121"}],"wp:term":[{"taxonomy":"category","embeddable":true,"href":"https:\/\/www.psychologie-aktuell.info\/reha\/wp-json\/wp\/v2\/categories?post=121"},{"taxonomy":"post_tag","embeddable":true,"href":"https:\/\/www.psychologie-aktuell.info\/reha\/wp-json\/wp\/v2\/tags?post=121"}],"curies":[{"name":"wp","href":"https:\/\/api.w.org\/{rel}","templated":true}]}}