{"id":1210,"date":"2010-04-25T17:00:00","date_gmt":"2010-04-25T16:00:00","guid":{"rendered":"http:\/\/www.reha-psychologie.net\/reha\/?p=1210"},"modified":"2011-01-04T08:07:06","modified_gmt":"2011-01-04T07:07:06","slug":"die-ressourcenorientierte-integration-chronisch-psychisch-kranker-in-den-arbeitsmarkt-uber-ein-euro-jobs-erste-erfahrungen-eines-modellprojekts","status":"publish","type":"post","link":"https:\/\/www.psychologie-aktuell.info\/reha\/2010\/04\/die-ressourcenorientierte-integration-chronisch-psychisch-kranker-in-den-arbeitsmarkt-uber-ein-euro-jobs-erste-erfahrungen-eines-modellprojekts\/","title":{"rendered":"Die ressourcenorientierte Integration chronisch psychisch Kranker in den Arbeitsmarkt \u00fcber Ein-Euro-Jobs &#8211; erste Erfahrungen eines Modellprojekts"},"content":{"rendered":"<blockquote><p>Bisher werden im Rahmen der Wiedereingliederung chronisch psychisch erkrankter Menschen im Wesentlichen Arbeitspl\u00e4tze in besch\u00fctzten Bereichen angeboten. Hier gibt es mittlerweile eine F\u00fclle an Angeboten von besch\u00fctzten Werkst\u00e4tten und Tagesst\u00e4tten. In diesem Umfeld kommen die Patienten selten mit dem normalen Arbeitsalltag in Kontakt. In mehreren Multicenterstudien konnte gezeigt werden, dass das Konzept des &#8222;Individual Placement Support&#8220; (IPS) herk\u00f6mmlichen Arbeitsrehabilitationsma\u00dfnahmen \u00fcberlegen ist. Ziel dieser Arbeit ist es, zu zeigen, dass dieses Konzept auch f\u00fcr chronisch psychisch Kranke mit schweren Verl\u00e4ufen und h\u00e4ufig Doppeldiagnosen anwendbar ist. Im Rahmen eines Modellversuchs wurden an unserer Klinik &#8222;Ein-Euro-Jobs&#8220; im Bereich regul\u00e4rer Arbeitspl\u00e4tze f\u00fcr chronisch psychisch Erkrankte geschaffen. Die Auswahl der Arbeitspl\u00e4tze erfolgte entsprechend der individuellen Vorerfahrungen und F\u00e4higkeiten der Patienten unter anderem in der Bibliothek, im Zentraleinkauf und in der Poststelle. Bisher konnten 15 Patienten mit einer durchschnittlichen Erkrankungsdauer von 11 Jahren in die Ma\u00dfnahme einbezogen werden. 1 Patient brach die Ma\u00dfnahme innerhalb der ersten 3 Wochen ab. Die \u00fcbrigen waren im Durchschnitt 9 Monate besch\u00e4ftigt. Unser Projekt zeigt, dass es auch bei der Integration chronisch psychisch Erkrankter Alternativen zu besch\u00fctzten T\u00e4tigkeiten gibt. Bef\u00fcrchtungen, dass die Belastung an regul\u00e4ren Arbeitspl\u00e4tzen zu hoch sei, best\u00e4tigten sich nicht.<\/p><\/blockquote>\n<p>Quelle: <a href=\"https:\/\/www.thieme-connect.com\/DOI\/DOI10.1055\/s-0029-1245248\">Thieme eJournals &#8211; Abstract<\/a><\/p>\n","protected":false},"excerpt":{"rendered":"<p>Bisher werden im Rahmen der Wiedereingliederung chronisch psychisch erkrankter Menschen im Wesentlichen Arbeitspl\u00e4tze in besch\u00fctzten Bereichen angeboten. Hier gibt es mittlerweile eine F\u00fclle an Angeboten von besch\u00fctzten Werkst\u00e4tten und Tagesst\u00e4tten. In diesem Umfeld kommen die Patienten selten mit dem normalen &hellip; <a href=\"https:\/\/www.psychologie-aktuell.info\/reha\/2010\/04\/die-ressourcenorientierte-integration-chronisch-psychisch-kranker-in-den-arbeitsmarkt-uber-ein-euro-jobs-erste-erfahrungen-eines-modellprojekts\/\">Weiterlesen <span class=\"meta-nav\">&rarr;<\/span><\/a><\/p>\n","protected":false},"author":1,"featured_media":0,"comment_status":"open","ping_status":"open","sticky":false,"template":"","format":"standard","meta":{"_jetpack_memberships_contains_paid_content":false,"footnotes":""},"categories":[22],"tags":[],"class_list":["post-1210","post","type-post","status-publish","format-standard","hentry","category-allgemein"],"jetpack_featured_media_url":"","jetpack_shortlink":"https:\/\/wp.me\/p1fMVY-jw","jetpack_sharing_enabled":true,"_links":{"self":[{"href":"https:\/\/www.psychologie-aktuell.info\/reha\/wp-json\/wp\/v2\/posts\/1210","targetHints":{"allow":["GET"]}}],"collection":[{"href":"https:\/\/www.psychologie-aktuell.info\/reha\/wp-json\/wp\/v2\/posts"}],"about":[{"href":"https:\/\/www.psychologie-aktuell.info\/reha\/wp-json\/wp\/v2\/types\/post"}],"author":[{"embeddable":true,"href":"https:\/\/www.psychologie-aktuell.info\/reha\/wp-json\/wp\/v2\/users\/1"}],"replies":[{"embeddable":true,"href":"https:\/\/www.psychologie-aktuell.info\/reha\/wp-json\/wp\/v2\/comments?post=1210"}],"version-history":[{"count":2,"href":"https:\/\/www.psychologie-aktuell.info\/reha\/wp-json\/wp\/v2\/posts\/1210\/revisions"}],"predecessor-version":[{"id":3101,"href":"https:\/\/www.psychologie-aktuell.info\/reha\/wp-json\/wp\/v2\/posts\/1210\/revisions\/3101"}],"wp:attachment":[{"href":"https:\/\/www.psychologie-aktuell.info\/reha\/wp-json\/wp\/v2\/media?parent=1210"}],"wp:term":[{"taxonomy":"category","embeddable":true,"href":"https:\/\/www.psychologie-aktuell.info\/reha\/wp-json\/wp\/v2\/categories?post=1210"},{"taxonomy":"post_tag","embeddable":true,"href":"https:\/\/www.psychologie-aktuell.info\/reha\/wp-json\/wp\/v2\/tags?post=1210"}],"curies":[{"name":"wp","href":"https:\/\/api.w.org\/{rel}","templated":true}]}}