{"id":1213,"date":"2010-04-30T09:15:48","date_gmt":"2010-04-30T08:15:48","guid":{"rendered":"http:\/\/www.reha-psychologie.net\/reha\/?p=1213"},"modified":"2010-04-25T17:10:46","modified_gmt":"2010-04-25T16:10:46","slug":"verbesserte-diagnostik-von-traumafolgestorungen-durch-den-einsatz-der-life-stressor-checklist","status":"publish","type":"post","link":"https:\/\/www.psychologie-aktuell.info\/reha\/2010\/04\/verbesserte-diagnostik-von-traumafolgestorungen-durch-den-einsatz-der-life-stressor-checklist\/","title":{"rendered":"Verbesserte Diagnostik von Traumafolgest\u00f6rungen durch den Einsatz der Life-Stressor Checklist"},"content":{"rendered":"<blockquote><p>Die Studie \u00fcberpr\u00fcft die Effektivit\u00e4t des Einsatzes der Life-Stressor Checklist (LSC-R) zur Diagnostik von Traumafolgest\u00f6rungen. Vor dem Hintergrund des Dose-Response Effektes zwischen der Anzahl unterschiedlicher traumatischer Stressorexpositionen und dem Ausma\u00df der Traumasymptomatik wird die Validit\u00e4t einer quantitativen Auswertung der Checkliste analysiert. 130 Patienten wurden mit der LSC-R, der IES-R (PTBS Symptome) und der SCL-90-R befragt. Eine Expertenbeurteilung sch\u00e4tzte die Relevanz traumatischer Erfahrungen f\u00fcr die St\u00f6rungsgenese ein. Der Dose-Effekt replizierte sich deutlich mit r=0,71. Ein Cut-off von \u00e2\u2030\u00a56 ergab eine 75%tige \u00dcbereinstimmung mit dem Expertenurteil. Au\u00dferdem differenzierte der Summenwert der Traumacheckliste innerhalb von Hochrisikogruppen und zeigte eine \u00dcbereinstimmung mit der Schwere der Traumatiserungsform. Im Ergebnis stellt die quantitative Auswertung der Traumacheckliste ein effektives Screening f\u00fcr Patientinnen und Patienten mit Traumafolgest\u00f6rungen dar.<\/p><\/blockquote>\n<p>Quelle: <a href=\"https:\/\/www.thieme-connect.com\/DOI\/DOI10.1055\/s-0030-1247497\">Thieme eJournals &#8211; Abstract<\/a><\/p>\n","protected":false},"excerpt":{"rendered":"<p>Die Studie \u00fcberpr\u00fcft die Effektivit\u00e4t des Einsatzes der Life-Stressor Checklist (LSC-R) zur Diagnostik von Traumafolgest\u00f6rungen. Vor dem Hintergrund des Dose-Response Effektes zwischen der Anzahl unterschiedlicher traumatischer Stressorexpositionen und dem Ausma\u00df der Traumasymptomatik wird die Validit\u00e4t einer quantitativen Auswertung der Checkliste &hellip; <a href=\"https:\/\/www.psychologie-aktuell.info\/reha\/2010\/04\/verbesserte-diagnostik-von-traumafolgestorungen-durch-den-einsatz-der-life-stressor-checklist\/\">Weiterlesen <span class=\"meta-nav\">&rarr;<\/span><\/a><\/p>\n","protected":false},"author":1,"featured_media":0,"comment_status":"open","ping_status":"open","sticky":false,"template":"","format":"standard","meta":{"_jetpack_memberships_contains_paid_content":false,"footnotes":""},"categories":[22],"tags":[],"class_list":["post-1213","post","type-post","status-publish","format-standard","hentry","category-allgemein"],"jetpack_featured_media_url":"","jetpack_shortlink":"https:\/\/wp.me\/p1fMVY-jz","jetpack_sharing_enabled":true,"_links":{"self":[{"href":"https:\/\/www.psychologie-aktuell.info\/reha\/wp-json\/wp\/v2\/posts\/1213","targetHints":{"allow":["GET"]}}],"collection":[{"href":"https:\/\/www.psychologie-aktuell.info\/reha\/wp-json\/wp\/v2\/posts"}],"about":[{"href":"https:\/\/www.psychologie-aktuell.info\/reha\/wp-json\/wp\/v2\/types\/post"}],"author":[{"embeddable":true,"href":"https:\/\/www.psychologie-aktuell.info\/reha\/wp-json\/wp\/v2\/users\/1"}],"replies":[{"embeddable":true,"href":"https:\/\/www.psychologie-aktuell.info\/reha\/wp-json\/wp\/v2\/comments?post=1213"}],"version-history":[{"count":1,"href":"https:\/\/www.psychologie-aktuell.info\/reha\/wp-json\/wp\/v2\/posts\/1213\/revisions"}],"predecessor-version":[{"id":1373,"href":"https:\/\/www.psychologie-aktuell.info\/reha\/wp-json\/wp\/v2\/posts\/1213\/revisions\/1373"}],"wp:attachment":[{"href":"https:\/\/www.psychologie-aktuell.info\/reha\/wp-json\/wp\/v2\/media?parent=1213"}],"wp:term":[{"taxonomy":"category","embeddable":true,"href":"https:\/\/www.psychologie-aktuell.info\/reha\/wp-json\/wp\/v2\/categories?post=1213"},{"taxonomy":"post_tag","embeddable":true,"href":"https:\/\/www.psychologie-aktuell.info\/reha\/wp-json\/wp\/v2\/tags?post=1213"}],"curies":[{"name":"wp","href":"https:\/\/api.w.org\/{rel}","templated":true}]}}