{"id":1217,"date":"2010-04-19T09:21:18","date_gmt":"2010-04-19T08:21:18","guid":{"rendered":"http:\/\/www.reha-psychologie.net\/reha\/?p=1217"},"modified":"2010-04-20T07:57:52","modified_gmt":"2010-04-20T06:57:52","slug":"neurobiologie-depressiver-storungen","status":"publish","type":"post","link":"https:\/\/www.psychologie-aktuell.info\/reha\/2010\/04\/neurobiologie-depressiver-storungen\/","title":{"rendered":"Neurobiologie depressiver St\u00f6rungen"},"content":{"rendered":"<blockquote><p>Kernaussagen<\/p>\n<ul>\n<li>Die majore Depression ist eine komplexe Erkrankung. Durch Umweltfaktoren wie traumatische Erfahrungen und Stressoren wird bei genetisch pr\u00e4disponierten Personen die Erkrankung ausgel\u00f6st. Die pr\u00e4disponierenden Gene sind gr\u00f6\u00dftenteils unbekannt, da viele Gene mit jeweils nur kleinen Effekten beitragen und Gen-Gen- sowie Gen-Umweltinteraktionen die Suche komplizieren.<\/li>\n<li>Viele zentralnerv\u00f6se Systeme sind in die Pathophysiologie involviert: <!--more-->neben der Hypothalamus-Hypophysen-Nebennieren-Achse mit den Stresshormonen Kortisol und CRH (corticotropin releasing hormone), sind vor allem das serotonerge und das noradrenerge System bei depressiven Patienten ver\u00e4ndert und werden von den Antidepressiva g\u00fcnstig beeinflusst.<\/li>\n<\/ul>\n<ul>\n<li> In neuerer Zeit werden besonders St\u00f6rungen der plastischen Anpassung mit Ver\u00e4nderungen der Neurotrophine und der Neurogenese als Ursachen diskutiert.<\/li>\n<li> Auf der Suche nach neuen, schneller und besser wirksamen Behandlungsverfahren werden in den letzten Jahren die Glutamatantagonisten und die tiefe Hirnstimulation als nicht medikament\u00f6ses Verfahren gepr\u00fcft.<\/li>\n<\/ul>\n<\/blockquote>\n<p>Quelle: <a href=\"https:\/\/www.thieme-connect.com\/DOI\/DOI10.1055\/s-0029-1223445\">Thieme eJournals &#8211; Abstract<\/a><\/p>\n","protected":false},"excerpt":{"rendered":"<p>Kernaussagen Die majore Depression ist eine komplexe Erkrankung. Durch Umweltfaktoren wie traumatische Erfahrungen und Stressoren wird bei genetisch pr\u00e4disponierten Personen die Erkrankung ausgel\u00f6st. Die pr\u00e4disponierenden Gene sind gr\u00f6\u00dftenteils unbekannt, da viele Gene mit jeweils nur kleinen Effekten beitragen und Gen-Gen- &hellip; <a href=\"https:\/\/www.psychologie-aktuell.info\/reha\/2010\/04\/neurobiologie-depressiver-storungen\/\">Weiterlesen <span class=\"meta-nav\">&rarr;<\/span><\/a><\/p>\n","protected":false},"author":1,"featured_media":0,"comment_status":"open","ping_status":"open","sticky":false,"template":"","format":"standard","meta":{"_jetpack_memberships_contains_paid_content":false,"footnotes":""},"categories":[22],"tags":[],"class_list":["post-1217","post","type-post","status-publish","format-standard","hentry","category-allgemein"],"jetpack_featured_media_url":"","jetpack_shortlink":"https:\/\/wp.me\/p1fMVY-jD","jetpack_sharing_enabled":true,"_links":{"self":[{"href":"https:\/\/www.psychologie-aktuell.info\/reha\/wp-json\/wp\/v2\/posts\/1217","targetHints":{"allow":["GET"]}}],"collection":[{"href":"https:\/\/www.psychologie-aktuell.info\/reha\/wp-json\/wp\/v2\/posts"}],"about":[{"href":"https:\/\/www.psychologie-aktuell.info\/reha\/wp-json\/wp\/v2\/types\/post"}],"author":[{"embeddable":true,"href":"https:\/\/www.psychologie-aktuell.info\/reha\/wp-json\/wp\/v2\/users\/1"}],"replies":[{"embeddable":true,"href":"https:\/\/www.psychologie-aktuell.info\/reha\/wp-json\/wp\/v2\/comments?post=1217"}],"version-history":[{"count":2,"href":"https:\/\/www.psychologie-aktuell.info\/reha\/wp-json\/wp\/v2\/posts\/1217\/revisions"}],"predecessor-version":[{"id":1357,"href":"https:\/\/www.psychologie-aktuell.info\/reha\/wp-json\/wp\/v2\/posts\/1217\/revisions\/1357"}],"wp:attachment":[{"href":"https:\/\/www.psychologie-aktuell.info\/reha\/wp-json\/wp\/v2\/media?parent=1217"}],"wp:term":[{"taxonomy":"category","embeddable":true,"href":"https:\/\/www.psychologie-aktuell.info\/reha\/wp-json\/wp\/v2\/categories?post=1217"},{"taxonomy":"post_tag","embeddable":true,"href":"https:\/\/www.psychologie-aktuell.info\/reha\/wp-json\/wp\/v2\/tags?post=1217"}],"curies":[{"name":"wp","href":"https:\/\/api.w.org\/{rel}","templated":true}]}}