{"id":12233,"date":"2017-04-22T15:02:49","date_gmt":"2017-04-22T13:02:49","guid":{"rendered":"https:\/\/www.psychologie-aktuell.info\/reha\/?p=12233"},"modified":"2017-04-25T08:08:57","modified_gmt":"2017-04-25T06:08:57","slug":"jahrestagung-rehabilitaiton-in-erkner-vorlaeufiges-programm","status":"publish","type":"post","link":"https:\/\/www.psychologie-aktuell.info\/reha\/2017\/04\/jahrestagung-rehabilitaiton-in-erkner-vorlaeufiges-programm\/","title":{"rendered":"Jahrestagung Rehabilitation in Erkner &#8211; vorl\u00e4ufiges Programm"},"content":{"rendered":"<p>Der AK Klinische Psychologie in der Rehabilitation (Fachgruppe des BDP) hat das vorl\u00e4ufige Programm (Stand vom 20.04.2017) f\u00fcr die n\u00e4chste Jahrestagung in Erkner bekannt gegeben.<br \/>\n&#8211;&gt; <a href=\"https:\/\/www.psychologie-aktuell.info\/reha\/ak-reha\/jahrestagungen\/jt-2017\/\">Hier ist es<\/a><\/p>\n","protected":false},"excerpt":{"rendered":"<p>Der AK Klinische Psychologie in der Rehabilitation (Fachgruppe des BDP) hat das vorl\u00e4ufige Programm (Stand vom 20.04.2017) f\u00fcr die n\u00e4chste Jahrestagung in Erkner bekannt gegeben. &#8211;&gt; Hier ist es<\/p>\n","protected":false},"author":1,"featured_media":0,"comment_status":"closed","ping_status":"closed","sticky":false,"template":"","format":"standard","meta":{"_jetpack_memberships_contains_paid_content":false,"footnotes":""},"categories":[61,54,57],"tags":[],"class_list":["post-12233","post","type-post","status-publish","format-standard","hentry","category-arbeitskreis-reha","category-bdp-verband","category-jahrestagung"],"jetpack_featured_media_url":"","jetpack_shortlink":"https:\/\/wp.me\/p1fMVY-3bj","jetpack_sharing_enabled":true,"_links":{"self":[{"href":"https:\/\/www.psychologie-aktuell.info\/reha\/wp-json\/wp\/v2\/posts\/12233","targetHints":{"allow":["GET"]}}],"collection":[{"href":"https:\/\/www.psychologie-aktuell.info\/reha\/wp-json\/wp\/v2\/posts"}],"about":[{"href":"https:\/\/www.psychologie-aktuell.info\/reha\/wp-json\/wp\/v2\/types\/post"}],"author":[{"embeddable":true,"href":"https:\/\/www.psychologie-aktuell.info\/reha\/wp-json\/wp\/v2\/users\/1"}],"replies":[{"embeddable":true,"href":"https:\/\/www.psychologie-aktuell.info\/reha\/wp-json\/wp\/v2\/comments?post=12233"}],"version-history":[{"count":5,"href":"https:\/\/www.psychologie-aktuell.info\/reha\/wp-json\/wp\/v2\/posts\/12233\/revisions"}],"predecessor-version":[{"id":12278,"href":"https:\/\/www.psychologie-aktuell.info\/reha\/wp-json\/wp\/v2\/posts\/12233\/revisions\/12278"}],"wp:attachment":[{"href":"https:\/\/www.psychologie-aktuell.info\/reha\/wp-json\/wp\/v2\/media?parent=12233"}],"wp:term":[{"taxonomy":"category","embeddable":true,"href":"https:\/\/www.psychologie-aktuell.info\/reha\/wp-json\/wp\/v2\/categories?post=12233"},{"taxonomy":"post_tag","embeddable":true,"href":"https:\/\/www.psychologie-aktuell.info\/reha\/wp-json\/wp\/v2\/tags?post=12233"}],"curies":[{"name":"wp","href":"https:\/\/api.w.org\/{rel}","templated":true}]}}