{"id":124,"date":"2008-05-19T23:03:06","date_gmt":"2008-05-19T21:03:06","guid":{"rendered":"http:\/\/reha-psychologie.net\/reha\/?p=124"},"modified":"2010-06-01T20:29:11","modified_gmt":"2010-06-01T18:29:11","slug":"landespsychotherapeutentag-baden-wurttemberg-am-5-juli-2008","status":"publish","type":"post","link":"https:\/\/www.psychologie-aktuell.info\/reha\/2008\/05\/landespsychotherapeutentag-baden-wurttemberg-am-5-juli-2008\/","title":{"rendered":"Landespsychotherapeutentag Baden-W\u00fcrttemberg am 5. Juli 2008"},"content":{"rendered":"<div>Im Rahmen des Landespsychotherapeutentages mit dem Titel &#8222;10 Jahre Psychotherapeutengesetz &#8211; Perspektiven der psychotherapeutischen Versorgung&#8220; findet am Nachmittag ein Workshop zum Thema: <span class=\"ft18\"><strong>Psychotherapie in der Rehabilitation <\/strong>statt.Referenten:<br \/>\nJ\u00fcrgen Bengel (Freiburg) &#8211; <strong>Psychische St\u00f6rungen bei k\u00f6rperlichen Erkrankungen<\/strong><\/p>\n<p>Stefan Lueger (Bad Kissingen) &#8211; <strong>Psychotherapie in der Rehabilitation \u00e2\u20ac\u201c zwischen Anspruch und Wirklichkeit<\/strong><\/p>\n<p>Weitere Infos: Sonderseite Landespsychotherapeutentag 2008<\/p>\n<p><\/span><\/div>\n","protected":false},"excerpt":{"rendered":"<p>Im Rahmen des Landespsychotherapeutentages mit dem Titel &#8222;10 Jahre Psychotherapeutengesetz &#8211; Perspektiven der psychotherapeutischen Versorgung&#8220; findet am Nachmittag ein Workshop zum Thema: Psychotherapie in der Rehabilitation statt.Referenten: J\u00fcrgen Bengel (Freiburg) &#8211; Psychische St\u00f6rungen bei k\u00f6rperlichen Erkrankungen Stefan Lueger (Bad Kissingen) &hellip; <a href=\"https:\/\/www.psychologie-aktuell.info\/reha\/2008\/05\/landespsychotherapeutentag-baden-wurttemberg-am-5-juli-2008\/\">Weiterlesen <span class=\"meta-nav\">&rarr;<\/span><\/a><\/p>\n","protected":false},"author":1,"featured_media":0,"comment_status":"open","ping_status":"open","sticky":false,"template":"","format":"standard","meta":{"_jetpack_memberships_contains_paid_content":false,"footnotes":""},"categories":[36],"tags":[],"class_list":["post-124","post","type-post","status-publish","format-standard","hentry","category-termine"],"jetpack_featured_media_url":"","jetpack_shortlink":"https:\/\/wp.me\/p1fMVY-20","jetpack_sharing_enabled":true,"_links":{"self":[{"href":"https:\/\/www.psychologie-aktuell.info\/reha\/wp-json\/wp\/v2\/posts\/124","targetHints":{"allow":["GET"]}}],"collection":[{"href":"https:\/\/www.psychologie-aktuell.info\/reha\/wp-json\/wp\/v2\/posts"}],"about":[{"href":"https:\/\/www.psychologie-aktuell.info\/reha\/wp-json\/wp\/v2\/types\/post"}],"author":[{"embeddable":true,"href":"https:\/\/www.psychologie-aktuell.info\/reha\/wp-json\/wp\/v2\/users\/1"}],"replies":[{"embeddable":true,"href":"https:\/\/www.psychologie-aktuell.info\/reha\/wp-json\/wp\/v2\/comments?post=124"}],"version-history":[{"count":1,"href":"https:\/\/www.psychologie-aktuell.info\/reha\/wp-json\/wp\/v2\/posts\/124\/revisions"}],"predecessor-version":[{"id":1690,"href":"https:\/\/www.psychologie-aktuell.info\/reha\/wp-json\/wp\/v2\/posts\/124\/revisions\/1690"}],"wp:attachment":[{"href":"https:\/\/www.psychologie-aktuell.info\/reha\/wp-json\/wp\/v2\/media?parent=124"}],"wp:term":[{"taxonomy":"category","embeddable":true,"href":"https:\/\/www.psychologie-aktuell.info\/reha\/wp-json\/wp\/v2\/categories?post=124"},{"taxonomy":"post_tag","embeddable":true,"href":"https:\/\/www.psychologie-aktuell.info\/reha\/wp-json\/wp\/v2\/tags?post=124"}],"curies":[{"name":"wp","href":"https:\/\/api.w.org\/{rel}","templated":true}]}}