{"id":12443,"date":"2018-02-08T06:57:30","date_gmt":"2018-02-08T05:57:30","guid":{"rendered":"https:\/\/www.psychologie-aktuell.info\/reha\/?p=12443"},"modified":"2018-01-24T11:03:38","modified_gmt":"2018-01-24T10:03:38","slug":"koerperliche-aktivitaet-mobilitaet-behinderung-und-unabhaengigkeit-von-70-89-jaehrigen","status":"publish","type":"post","link":"https:\/\/www.psychologie-aktuell.info\/reha\/2018\/02\/koerperliche-aktivitaet-mobilitaet-behinderung-und-unabhaengigkeit-von-70-89-jaehrigen\/","title":{"rendered":"K\u00f6rperliche Aktivit\u00e4t, Mobilit\u00e4t, Behinderung und Unabh\u00e4ngigkeit von 70-89-J\u00e4hrigen"},"content":{"rendered":"<blockquote><p>K\u00f6rperliche Leistungsf\u00e4higkeit und funktionale Mobilit\u00e4t sowie die Freiheit von Behinderung sind wichtige Voraussetzungen f\u00fcr ein weitgehend selbst\u00e4ndiges Leben \u00e4lterer Personen in ihren &#8222;eigenen vier W\u00e4nden&#8220;. Regelm\u00e4\u00dfige k\u00f6rperliche Aktivit\u00e4ten sind geeignet, diese Ziele zu erreichen. Dass viele Angeh\u00f6rige dieser Altersgruppe noch nicht einmal beginnen, das Ziel erreichen zu wollen, liegt nur u.a. an Faulheit oder Bequemlichkeit, sondern an zwei gesichert erscheinenden Erwartungen oder Vorbehalten: Man sei zu alt f\u00fcr &#8222;mehr Sport&#8220; und er &#8222;bringe&#8220; in diesem Alter auch nichts mehr und die Leistungsziele mancher Bewegungsprogramme erreiche man nicht und habe daher auch nicht den versprochenen oder erwarteten Nutzen.<\/p><\/blockquote>\n<p>Quelle: <a href=\"http:\/\/www.forum-gesundheitspolitik.de\/artikel\/artikel.pl?artikel=2576\">Forum Gesundheitspolitik: Es ist selten zu sp\u00e4t und selten zu wenig. K\u00f6rperliche Aktivit\u00e4t, Mobilit\u00e4t, Behinderung und Unabh\u00e4ngigkeit von 70-89-J\u00e4hrigen<\/a><\/p>\n","protected":false},"excerpt":{"rendered":"<p>K\u00f6rperliche Leistungsf\u00e4higkeit und funktionale Mobilit\u00e4t sowie die Freiheit von Behinderung sind wichtige Voraussetzungen f\u00fcr ein weitgehend selbst\u00e4ndiges Leben \u00e4lterer Personen in ihren &#8222;eigenen vier W\u00e4nden&#8220;. Regelm\u00e4\u00dfige k\u00f6rperliche Aktivit\u00e4ten sind geeignet, diese Ziele zu erreichen. Dass viele Angeh\u00f6rige dieser Altersgruppe noch &hellip; <a href=\"https:\/\/www.psychologie-aktuell.info\/reha\/2018\/02\/koerperliche-aktivitaet-mobilitaet-behinderung-und-unabhaengigkeit-von-70-89-jaehrigen\/\">Weiterlesen <span class=\"meta-nav\">&rarr;<\/span><\/a><\/p>\n","protected":false},"author":29,"featured_media":0,"comment_status":"closed","ping_status":"closed","sticky":false,"template":"","format":"standard","meta":{"_jetpack_memberships_contains_paid_content":false,"footnotes":""},"categories":[21],"tags":[],"class_list":["post-12443","post","type-post","status-publish","format-standard","hentry","category-zeitschriftenartikel"],"jetpack_featured_media_url":"","jetpack_shortlink":"https:\/\/wp.me\/p1fMVY-3eH","jetpack_sharing_enabled":true,"_links":{"self":[{"href":"https:\/\/www.psychologie-aktuell.info\/reha\/wp-json\/wp\/v2\/posts\/12443","targetHints":{"allow":["GET"]}}],"collection":[{"href":"https:\/\/www.psychologie-aktuell.info\/reha\/wp-json\/wp\/v2\/posts"}],"about":[{"href":"https:\/\/www.psychologie-aktuell.info\/reha\/wp-json\/wp\/v2\/types\/post"}],"author":[{"embeddable":true,"href":"https:\/\/www.psychologie-aktuell.info\/reha\/wp-json\/wp\/v2\/users\/29"}],"replies":[{"embeddable":true,"href":"https:\/\/www.psychologie-aktuell.info\/reha\/wp-json\/wp\/v2\/comments?post=12443"}],"version-history":[{"count":3,"href":"https:\/\/www.psychologie-aktuell.info\/reha\/wp-json\/wp\/v2\/posts\/12443\/revisions"}],"predecessor-version":[{"id":12925,"href":"https:\/\/www.psychologie-aktuell.info\/reha\/wp-json\/wp\/v2\/posts\/12443\/revisions\/12925"}],"wp:attachment":[{"href":"https:\/\/www.psychologie-aktuell.info\/reha\/wp-json\/wp\/v2\/media?parent=12443"}],"wp:term":[{"taxonomy":"category","embeddable":true,"href":"https:\/\/www.psychologie-aktuell.info\/reha\/wp-json\/wp\/v2\/categories?post=12443"},{"taxonomy":"post_tag","embeddable":true,"href":"https:\/\/www.psychologie-aktuell.info\/reha\/wp-json\/wp\/v2\/tags?post=12443"}],"curies":[{"name":"wp","href":"https:\/\/api.w.org\/{rel}","templated":true}]}}