{"id":12461,"date":"2018-01-05T06:18:43","date_gmt":"2018-01-05T05:18:43","guid":{"rendered":"https:\/\/www.psychologie-aktuell.info\/reha\/?p=12461"},"modified":"2018-01-08T09:41:43","modified_gmt":"2018-01-08T08:41:43","slug":"vergleich-internationaler-daten-zur-generalisierten-angststoerung-nach-dsm-5","status":"publish","type":"post","link":"https:\/\/www.psychologie-aktuell.info\/reha\/2018\/01\/vergleich-internationaler-daten-zur-generalisierten-angststoerung-nach-dsm-5\/","title":{"rendered":"Vergleich internationaler Daten zur generalisierten Angstst\u00f6rung nach DSM-5"},"content":{"rendered":"<blockquote><p>Das Verst\u00e4ndnis der generalisierten Angstst\u00f6rung (GAS) hinkt demjenigen anderer Angstst\u00f6rungen hinterher. Seit deren Aufnahme in das DSM-III wurden die Diagnosekriterien f\u00fcr die GAS immer wieder \u00fcberarbeitet. A. M. Ruscio et al. haben nun internationale epidemiologische Daten zur GAS nach DSM-5 ausgewertet, um L\u00e4nderunterschiede zu Pr\u00e4valenz und Verlauf der Erkrankung herauszuarbeiten.<\/p><\/blockquote>\n<p>Quelle: <a href=\"https:\/\/www.thieme-connect.de\/DOI\/DOI?10.1055\/s-0043-113116\">Thieme E-Journals &#8211; Fortschritte der Neurologie \u00b7 Psychiatrie \/ Abstract<\/a><\/p>\n","protected":false},"excerpt":{"rendered":"<p>Das Verst\u00e4ndnis der generalisierten Angstst\u00f6rung (GAS) hinkt demjenigen anderer Angstst\u00f6rungen hinterher. Seit deren Aufnahme in das DSM-III wurden die Diagnosekriterien f\u00fcr die GAS immer wieder \u00fcberarbeitet. A. M. Ruscio et al. haben nun internationale epidemiologische Daten zur GAS nach DSM-5 &hellip; <a href=\"https:\/\/www.psychologie-aktuell.info\/reha\/2018\/01\/vergleich-internationaler-daten-zur-generalisierten-angststoerung-nach-dsm-5\/\">Weiterlesen <span class=\"meta-nav\">&rarr;<\/span><\/a><\/p>\n","protected":false},"author":29,"featured_media":0,"comment_status":"closed","ping_status":"closed","sticky":false,"template":"","format":"standard","meta":{"_jetpack_memberships_contains_paid_content":false,"footnotes":""},"categories":[21],"tags":[],"class_list":["post-12461","post","type-post","status-publish","format-standard","hentry","category-zeitschriftenartikel"],"jetpack_featured_media_url":"","jetpack_shortlink":"https:\/\/wp.me\/p1fMVY-3eZ","jetpack_sharing_enabled":true,"_links":{"self":[{"href":"https:\/\/www.psychologie-aktuell.info\/reha\/wp-json\/wp\/v2\/posts\/12461","targetHints":{"allow":["GET"]}}],"collection":[{"href":"https:\/\/www.psychologie-aktuell.info\/reha\/wp-json\/wp\/v2\/posts"}],"about":[{"href":"https:\/\/www.psychologie-aktuell.info\/reha\/wp-json\/wp\/v2\/types\/post"}],"author":[{"embeddable":true,"href":"https:\/\/www.psychologie-aktuell.info\/reha\/wp-json\/wp\/v2\/users\/29"}],"replies":[{"embeddable":true,"href":"https:\/\/www.psychologie-aktuell.info\/reha\/wp-json\/wp\/v2\/comments?post=12461"}],"version-history":[{"count":4,"href":"https:\/\/www.psychologie-aktuell.info\/reha\/wp-json\/wp\/v2\/posts\/12461\/revisions"}],"predecessor-version":[{"id":12889,"href":"https:\/\/www.psychologie-aktuell.info\/reha\/wp-json\/wp\/v2\/posts\/12461\/revisions\/12889"}],"wp:attachment":[{"href":"https:\/\/www.psychologie-aktuell.info\/reha\/wp-json\/wp\/v2\/media?parent=12461"}],"wp:term":[{"taxonomy":"category","embeddable":true,"href":"https:\/\/www.psychologie-aktuell.info\/reha\/wp-json\/wp\/v2\/categories?post=12461"},{"taxonomy":"post_tag","embeddable":true,"href":"https:\/\/www.psychologie-aktuell.info\/reha\/wp-json\/wp\/v2\/tags?post=12461"}],"curies":[{"name":"wp","href":"https:\/\/api.w.org\/{rel}","templated":true}]}}