{"id":12475,"date":"2017-11-14T06:47:12","date_gmt":"2017-11-14T05:47:12","guid":{"rendered":"https:\/\/www.psychologie-aktuell.info\/reha\/?p=12475"},"modified":"2017-11-09T14:50:25","modified_gmt":"2017-11-09T13:50:25","slug":"die-prognostische-validitaet-des-fce-verfahrens-ela-in-beruflich-orientierten-medizinischen-rehabilitationsmassnahmen","status":"publish","type":"post","link":"https:\/\/www.psychologie-aktuell.info\/reha\/2017\/11\/die-prognostische-validitaet-des-fce-verfahrens-ela-in-beruflich-orientierten-medizinischen-rehabilitationsmassnahmen\/","title":{"rendered":"Die prognostische Validit\u00e4t des FCE-Verfahrens ELA in beruflich orientierten medizinischen Rehabilitationsma\u00dfnahmen"},"content":{"rendered":"<blockquote>\n<h3>Ziel<\/h3>\n<p>Ziel war die Ermittlung der prognostischen G\u00fcte des Verfahrens \u201eELA \u2013 Einsch\u00e4tzung k\u00f6rperlicher Leistungsf\u00e4higkeiten bei arbeitsbezogenen Aktivit\u00e4ten\u201c hinsichtlich einer nachhaltigen beruflichen Wiedereingliederung.<\/p>\n<p><a id=\"N65760\" name=\"N65760\"><\/a><\/p>\n<h3>Methoden<\/h3>\n<p>An der multizentrisch prospektiven Kohortenstudie beteiligten sich 4 Einrichtungen der ambulanten medizinischen Rehabilitation und 198 Probanden. Zielgr\u00f6\u00dfen waren Erwerbst\u00e4tigkeit nach 3 Monaten mit einem niedrigen Niveau an Arbeitsunf\u00e4higkeitstagen (AU-Tagen) (1) bzw. mit einer subjektiv mindestens mittelm\u00e4\u00dfigen F\u00e4higkeit zur Bew\u00e4ltigung der k\u00f6rperlichen Arbeitsanforderungen (2). Basierend auf den zu Reha-Beginn und Reha-Ende erhobenen ELA-Ergebnissen sowie Patientenangaben zu Reha-Beginn wurden Regressionsmodelle berechnet.<\/p><\/blockquote>\n<p>Quelle: <a href=\"https:\/\/www.thieme-connect.de\/DOI\/DOI?10.1055\/s-0043-104510\">Thieme E-Journals &#8211; Die Rehabilitation \/ Abstract<\/a><\/p>\n","protected":false},"excerpt":{"rendered":"<p>Ziel Ziel war die Ermittlung der prognostischen G\u00fcte des Verfahrens \u201eELA \u2013 Einsch\u00e4tzung k\u00f6rperlicher Leistungsf\u00e4higkeiten bei arbeitsbezogenen Aktivit\u00e4ten\u201c hinsichtlich einer nachhaltigen beruflichen Wiedereingliederung. Methoden An der multizentrisch prospektiven Kohortenstudie beteiligten sich 4 Einrichtungen der ambulanten medizinischen Rehabilitation und 198 Probanden. &hellip; <a href=\"https:\/\/www.psychologie-aktuell.info\/reha\/2017\/11\/die-prognostische-validitaet-des-fce-verfahrens-ela-in-beruflich-orientierten-medizinischen-rehabilitationsmassnahmen\/\">Weiterlesen <span class=\"meta-nav\">&rarr;<\/span><\/a><\/p>\n","protected":false},"author":29,"featured_media":0,"comment_status":"closed","ping_status":"closed","sticky":false,"template":"","format":"standard","meta":{"_jetpack_memberships_contains_paid_content":false,"footnotes":""},"categories":[21],"tags":[],"class_list":["post-12475","post","type-post","status-publish","format-standard","hentry","category-zeitschriftenartikel"],"jetpack_featured_media_url":"","jetpack_shortlink":"https:\/\/wp.me\/p1fMVY-3fd","jetpack_sharing_enabled":true,"_links":{"self":[{"href":"https:\/\/www.psychologie-aktuell.info\/reha\/wp-json\/wp\/v2\/posts\/12475","targetHints":{"allow":["GET"]}}],"collection":[{"href":"https:\/\/www.psychologie-aktuell.info\/reha\/wp-json\/wp\/v2\/posts"}],"about":[{"href":"https:\/\/www.psychologie-aktuell.info\/reha\/wp-json\/wp\/v2\/types\/post"}],"author":[{"embeddable":true,"href":"https:\/\/www.psychologie-aktuell.info\/reha\/wp-json\/wp\/v2\/users\/29"}],"replies":[{"embeddable":true,"href":"https:\/\/www.psychologie-aktuell.info\/reha\/wp-json\/wp\/v2\/comments?post=12475"}],"version-history":[{"count":3,"href":"https:\/\/www.psychologie-aktuell.info\/reha\/wp-json\/wp\/v2\/posts\/12475\/revisions"}],"predecessor-version":[{"id":12738,"href":"https:\/\/www.psychologie-aktuell.info\/reha\/wp-json\/wp\/v2\/posts\/12475\/revisions\/12738"}],"wp:attachment":[{"href":"https:\/\/www.psychologie-aktuell.info\/reha\/wp-json\/wp\/v2\/media?parent=12475"}],"wp:term":[{"taxonomy":"category","embeddable":true,"href":"https:\/\/www.psychologie-aktuell.info\/reha\/wp-json\/wp\/v2\/categories?post=12475"},{"taxonomy":"post_tag","embeddable":true,"href":"https:\/\/www.psychologie-aktuell.info\/reha\/wp-json\/wp\/v2\/tags?post=12475"}],"curies":[{"name":"wp","href":"https:\/\/api.w.org\/{rel}","templated":true}]}}