{"id":12499,"date":"2018-01-03T06:18:50","date_gmt":"2018-01-03T05:18:50","guid":{"rendered":"https:\/\/www.psychologie-aktuell.info\/reha\/?p=12499"},"modified":"2017-12-28T18:21:56","modified_gmt":"2017-12-28T17:21:56","slug":"eine-fortschreibung-des-rehabilitationsbedarfs-in-deutschland-bis-2040-anhand-demografischer-faktoren","status":"publish","type":"post","link":"https:\/\/www.psychologie-aktuell.info\/reha\/2018\/01\/eine-fortschreibung-des-rehabilitationsbedarfs-in-deutschland-bis-2040-anhand-demografischer-faktoren\/","title":{"rendered":"Eine Fortschreibung des Rehabilitationsbedarfs in Deutschland bis 2040 anhand demografischer Faktoren"},"content":{"rendered":"<blockquote>\n<h3>Einleitung<\/h3>\n<p>Der demografische Wandel in Deutschland ver\u00e4ndert nachhaltig die Zusammensetzung der Bev\u00f6lkerung und beeinflusst damit auch den zuk\u00fcnftigen Bedarf an Rehabilitationsleistungen.<\/p>\n<h3>Methodik<\/h3>\n<p>Diese Arbeit quantifiziert auf Basis einer Bev\u00f6lkerungsfortschreibung bis 2040 die durch den demografischen Wandel zu erwartenden Ver\u00e4nderungen der medizinischen Rehabilitationsleistungen der gesetzlichen Rentenversicherung. Dazu wurde der Einfluss von demografischen Merkmalen auf die Rehabilitation gesch\u00e4tzt, um dann unter Verwendung einer stochastischen Bev\u00f6lkerungsfortschreibung die zuk\u00fcnftige Ausgabenentwicklung zu prognostizieren.<\/p>\n<h3>Ergebnisse<\/h3>\n<p>Die Ergebnisse zeigen kurzfristig eine voraussichtliche Zunahme der F\u00e4lle in der medizinischen Rehabilitation. In den ersten Jahren des Prognosezeitraums (2010\u20132017) w\u00e4re theoretisch eine j\u00e4hrliche Lohnerh\u00f6hung von etwa 2,2% erforderlich, um die Kostensteigerung auszugleichen. Mittelfristig wird ein R\u00fcckgang der Rehabilitationsf\u00e4lle aufgrund von Preissteigerungen bei gleichbleibenden Kosten prognostiziert.<\/p>\n<h3>Schlussfolgerung<\/h3>\n<p>Das Reha-Budget wird, angesichts der hier betrachteten Faktoren, mit gro\u00dfer Wahrscheinlichkeit die zuk\u00fcnftigen Mittel f\u00fcr medizinische Rehabilitationsleistungen nicht decken k\u00f6nnen. Langfristige Vorhersagen sind jedoch mit gro\u00dfer Unsicherheit behaftet.<\/p><\/blockquote>\n<p>Quelle: <a href=\"https:\/\/www.thieme-connect.de\/DOI\/DOI?10.1055\/s-0042-121597\">Thieme E-Journals &#8211; Das Gesundheitswesen \/ Abstract<\/a><\/p>\n","protected":false},"excerpt":{"rendered":"<p>Einleitung Der demografische Wandel in Deutschland ver\u00e4ndert nachhaltig die Zusammensetzung der Bev\u00f6lkerung und beeinflusst damit auch den zuk\u00fcnftigen Bedarf an Rehabilitationsleistungen. Methodik Diese Arbeit quantifiziert auf Basis einer Bev\u00f6lkerungsfortschreibung bis 2040 die durch den demografischen Wandel zu erwartenden Ver\u00e4nderungen der &hellip; <a href=\"https:\/\/www.psychologie-aktuell.info\/reha\/2018\/01\/eine-fortschreibung-des-rehabilitationsbedarfs-in-deutschland-bis-2040-anhand-demografischer-faktoren\/\">Weiterlesen <span class=\"meta-nav\">&rarr;<\/span><\/a><\/p>\n","protected":false},"author":29,"featured_media":0,"comment_status":"closed","ping_status":"closed","sticky":false,"template":"","format":"standard","meta":{"_jetpack_memberships_contains_paid_content":false,"footnotes":""},"categories":[21],"tags":[],"class_list":["post-12499","post","type-post","status-publish","format-standard","hentry","category-zeitschriftenartikel"],"jetpack_featured_media_url":"","jetpack_shortlink":"https:\/\/wp.me\/p1fMVY-3fB","jetpack_sharing_enabled":true,"_links":{"self":[{"href":"https:\/\/www.psychologie-aktuell.info\/reha\/wp-json\/wp\/v2\/posts\/12499","targetHints":{"allow":["GET"]}}],"collection":[{"href":"https:\/\/www.psychologie-aktuell.info\/reha\/wp-json\/wp\/v2\/posts"}],"about":[{"href":"https:\/\/www.psychologie-aktuell.info\/reha\/wp-json\/wp\/v2\/types\/post"}],"author":[{"embeddable":true,"href":"https:\/\/www.psychologie-aktuell.info\/reha\/wp-json\/wp\/v2\/users\/29"}],"replies":[{"embeddable":true,"href":"https:\/\/www.psychologie-aktuell.info\/reha\/wp-json\/wp\/v2\/comments?post=12499"}],"version-history":[{"count":4,"href":"https:\/\/www.psychologie-aktuell.info\/reha\/wp-json\/wp\/v2\/posts\/12499\/revisions"}],"predecessor-version":[{"id":12871,"href":"https:\/\/www.psychologie-aktuell.info\/reha\/wp-json\/wp\/v2\/posts\/12499\/revisions\/12871"}],"wp:attachment":[{"href":"https:\/\/www.psychologie-aktuell.info\/reha\/wp-json\/wp\/v2\/media?parent=12499"}],"wp:term":[{"taxonomy":"category","embeddable":true,"href":"https:\/\/www.psychologie-aktuell.info\/reha\/wp-json\/wp\/v2\/categories?post=12499"},{"taxonomy":"post_tag","embeddable":true,"href":"https:\/\/www.psychologie-aktuell.info\/reha\/wp-json\/wp\/v2\/tags?post=12499"}],"curies":[{"name":"wp","href":"https:\/\/api.w.org\/{rel}","templated":true}]}}