{"id":12507,"date":"2018-01-31T06:56:56","date_gmt":"2018-01-31T05:56:56","guid":{"rendered":"https:\/\/www.psychologie-aktuell.info\/reha\/?p=12507"},"modified":"2018-01-24T11:00:36","modified_gmt":"2018-01-24T10:00:36","slug":"veraenderung-der-inanspruchnahme-von-krankenkassenleistungen-vor-und-nach-einer-vater-kind-massnahme","status":"publish","type":"post","link":"https:\/\/www.psychologie-aktuell.info\/reha\/2018\/01\/veraenderung-der-inanspruchnahme-von-krankenkassenleistungen-vor-und-nach-einer-vater-kind-massnahme\/","title":{"rendered":"Ver\u00e4nderung der Inanspruchnahme von Krankenkassenleistungen vor und nach einer Vater-Kind-Ma\u00dfnahme"},"content":{"rendered":"<blockquote><p><span class=\"b\">Einleitung<\/span> Seit 2002 gibt es in Deutschland station\u00e4re Vorsorge- und Rehabilitationsma\u00dfnahmen f\u00fcr V\u00e4ter und ihre Kinder (V-K-M) (\u00a7\u00a7 24 und 41 SGB V). Zu Gesundheitsst\u00f6rungen der V\u00e4ter in V-K-M liegen bisher keine Daten vor. Das Ziel dieser Untersuchung ist es, herauszufinden, ob die Teilnehmer einer V-K-M gesundheitlich belasteter sind als V\u00e4ter ohne Teilnahme an einer V-K-M und ob die Teilnahme an einer V-K-M zu einer verbesserten Gesundheit beitr\u00e4gt. Daf\u00fcr wird die Ver\u00e4nderung der Inanspruchnahme ambulanter GKV-Leistungen untersucht und mit der Inanspruchnahme von V\u00e4tern ohne Teilnahme an einer V-K-M verglichen. Grundlage des Forschungsprojekts sind Routinedaten der AOK-Niedersachsen (AOKN).<\/p>\n<p><span class=\"b\">Methoden<\/span> Als Outcome-Variablen f\u00fcr die ambulante Inanspruchnahme werden ambulante Diagnosen und Arzneimittel herangezogen, die ein Jahr vor und ein Jahr nach der Ma\u00dfnahme abgerechnet wurden. Die Untersuchungsgruppe (N=179) umfasst alle V\u00e4ter, die 2005\u20132009 an einer V-K-M teilgenommen haben und durchgehend versichert waren. F\u00fcr diese V\u00e4ter wurde eine parallelisierte Vergleichsstichprobe gebildet, die nicht an einer V-K-M teilgenommen haben (N=717).<\/p><\/blockquote>\n<p>Quelle: <a href=\"https:\/\/www.thieme-connect.de\/DOI\/DOI?10.1055\/s-0043-104214\">Thieme E-Journals &#8211; Das Gesundheitswesen \/ Abstract<\/a><\/p>\n","protected":false},"excerpt":{"rendered":"<p>Einleitung Seit 2002 gibt es in Deutschland station\u00e4re Vorsorge- und Rehabilitationsma\u00dfnahmen f\u00fcr V\u00e4ter und ihre Kinder (V-K-M) (\u00a7\u00a7 24 und 41 SGB V). Zu Gesundheitsst\u00f6rungen der V\u00e4ter in V-K-M liegen bisher keine Daten vor. Das Ziel dieser Untersuchung ist es, &hellip; <a href=\"https:\/\/www.psychologie-aktuell.info\/reha\/2018\/01\/veraenderung-der-inanspruchnahme-von-krankenkassenleistungen-vor-und-nach-einer-vater-kind-massnahme\/\">Weiterlesen <span class=\"meta-nav\">&rarr;<\/span><\/a><\/p>\n","protected":false},"author":29,"featured_media":0,"comment_status":"closed","ping_status":"closed","sticky":false,"template":"","format":"standard","meta":{"_jetpack_memberships_contains_paid_content":false,"footnotes":""},"categories":[21],"tags":[],"class_list":["post-12507","post","type-post","status-publish","format-standard","hentry","category-zeitschriftenartikel"],"jetpack_featured_media_url":"","jetpack_shortlink":"https:\/\/wp.me\/p1fMVY-3fJ","jetpack_sharing_enabled":true,"_links":{"self":[{"href":"https:\/\/www.psychologie-aktuell.info\/reha\/wp-json\/wp\/v2\/posts\/12507","targetHints":{"allow":["GET"]}}],"collection":[{"href":"https:\/\/www.psychologie-aktuell.info\/reha\/wp-json\/wp\/v2\/posts"}],"about":[{"href":"https:\/\/www.psychologie-aktuell.info\/reha\/wp-json\/wp\/v2\/types\/post"}],"author":[{"embeddable":true,"href":"https:\/\/www.psychologie-aktuell.info\/reha\/wp-json\/wp\/v2\/users\/29"}],"replies":[{"embeddable":true,"href":"https:\/\/www.psychologie-aktuell.info\/reha\/wp-json\/wp\/v2\/comments?post=12507"}],"version-history":[{"count":3,"href":"https:\/\/www.psychologie-aktuell.info\/reha\/wp-json\/wp\/v2\/posts\/12507\/revisions"}],"predecessor-version":[{"id":12917,"href":"https:\/\/www.psychologie-aktuell.info\/reha\/wp-json\/wp\/v2\/posts\/12507\/revisions\/12917"}],"wp:attachment":[{"href":"https:\/\/www.psychologie-aktuell.info\/reha\/wp-json\/wp\/v2\/media?parent=12507"}],"wp:term":[{"taxonomy":"category","embeddable":true,"href":"https:\/\/www.psychologie-aktuell.info\/reha\/wp-json\/wp\/v2\/categories?post=12507"},{"taxonomy":"post_tag","embeddable":true,"href":"https:\/\/www.psychologie-aktuell.info\/reha\/wp-json\/wp\/v2\/tags?post=12507"}],"curies":[{"name":"wp","href":"https:\/\/api.w.org\/{rel}","templated":true}]}}