{"id":12521,"date":"2017-10-26T06:45:37","date_gmt":"2017-10-26T04:45:37","guid":{"rendered":"https:\/\/www.psychologie-aktuell.info\/reha\/?p=12521"},"modified":"2017-10-22T09:48:38","modified_gmt":"2017-10-22T07:48:38","slug":"trends-des-tabak-und-alkoholkonsums-ueber-65-jahre-in-deutschland","status":"publish","type":"post","link":"https:\/\/www.psychologie-aktuell.info\/reha\/2017\/10\/trends-des-tabak-und-alkoholkonsums-ueber-65-jahre-in-deutschland\/","title":{"rendered":"Trends des Tabak- und Alkoholkonsums \u00fcber 65 Jahre in Deutschland"},"content":{"rendered":"<blockquote><p><span class=\"b\">Ziel<\/span> F\u00fcr Deutschland lagen keine Tabak- und Alkoholverbrauchssch\u00e4tzungen aufgrund von Vermarktungsdaten vor, die \u00f6ffentlich und f\u00fcr Analysen zeitlicher Trends geeignet sind. Entwicklungen der Tabak- und Alkoholkonsummengen in Deutschland f\u00fcr die Jahre 1950\u20132014 sollten gesch\u00e4tzt werden.<\/p>\n<p><span class=\"b\">Methodik<\/span> Daten \u00fcber den Tabak- und Alkoholverbrauch der Bundesrepublik Deutschland pro Kalenderjahr von 1950 bis 2014 zu Reinalkoholmengen wurden aufgrund von Meldungen der Produzenten von Bier, Wein und Spirituosen an Steuerbeh\u00f6rden und das Statistische Bundesamt gewonnen. Zeitliche Trends \u00fcber die 65 Kalenderjahre wurden mithilfe von Joinpoint-Analysen ermittelt.<\/p><\/blockquote>\n<p>Quelle: <a href=\"https:\/\/www.thieme-connect.de\/DOI\/DOI?10.1055\/s-0043-110854\">Thieme E-Journals &#8211; Das Gesundheitswesen \/ Abstract<\/a><\/p>\n","protected":false},"excerpt":{"rendered":"<p>Ziel F\u00fcr Deutschland lagen keine Tabak- und Alkoholverbrauchssch\u00e4tzungen aufgrund von Vermarktungsdaten vor, die \u00f6ffentlich und f\u00fcr Analysen zeitlicher Trends geeignet sind. Entwicklungen der Tabak- und Alkoholkonsummengen in Deutschland f\u00fcr die Jahre 1950\u20132014 sollten gesch\u00e4tzt werden. Methodik Daten \u00fcber den Tabak- &hellip; <a href=\"https:\/\/www.psychologie-aktuell.info\/reha\/2017\/10\/trends-des-tabak-und-alkoholkonsums-ueber-65-jahre-in-deutschland\/\">Weiterlesen <span class=\"meta-nav\">&rarr;<\/span><\/a><\/p>\n","protected":false},"author":29,"featured_media":0,"comment_status":"closed","ping_status":"closed","sticky":false,"template":"","format":"standard","meta":{"_jetpack_memberships_contains_paid_content":false,"footnotes":""},"categories":[21],"tags":[],"class_list":["post-12521","post","type-post","status-publish","format-standard","hentry","category-zeitschriftenartikel"],"jetpack_featured_media_url":"","jetpack_shortlink":"https:\/\/wp.me\/p1fMVY-3fX","jetpack_sharing_enabled":true,"_links":{"self":[{"href":"https:\/\/www.psychologie-aktuell.info\/reha\/wp-json\/wp\/v2\/posts\/12521","targetHints":{"allow":["GET"]}}],"collection":[{"href":"https:\/\/www.psychologie-aktuell.info\/reha\/wp-json\/wp\/v2\/posts"}],"about":[{"href":"https:\/\/www.psychologie-aktuell.info\/reha\/wp-json\/wp\/v2\/types\/post"}],"author":[{"embeddable":true,"href":"https:\/\/www.psychologie-aktuell.info\/reha\/wp-json\/wp\/v2\/users\/29"}],"replies":[{"embeddable":true,"href":"https:\/\/www.psychologie-aktuell.info\/reha\/wp-json\/wp\/v2\/comments?post=12521"}],"version-history":[{"count":3,"href":"https:\/\/www.psychologie-aktuell.info\/reha\/wp-json\/wp\/v2\/posts\/12521\/revisions"}],"predecessor-version":[{"id":12702,"href":"https:\/\/www.psychologie-aktuell.info\/reha\/wp-json\/wp\/v2\/posts\/12521\/revisions\/12702"}],"wp:attachment":[{"href":"https:\/\/www.psychologie-aktuell.info\/reha\/wp-json\/wp\/v2\/media?parent=12521"}],"wp:term":[{"taxonomy":"category","embeddable":true,"href":"https:\/\/www.psychologie-aktuell.info\/reha\/wp-json\/wp\/v2\/categories?post=12521"},{"taxonomy":"post_tag","embeddable":true,"href":"https:\/\/www.psychologie-aktuell.info\/reha\/wp-json\/wp\/v2\/tags?post=12521"}],"curies":[{"name":"wp","href":"https:\/\/api.w.org\/{rel}","templated":true}]}}