{"id":1263,"date":"2010-03-25T09:34:00","date_gmt":"2010-03-25T08:34:00","guid":{"rendered":"http:\/\/www.reha-psychologie.net\/reha\/?p=1263"},"modified":"2010-03-25T10:20:34","modified_gmt":"2010-03-25T09:20:34","slug":"marburger-modell%e2%80%9c-kombiniert-promotion-mit-psychotherapieausbildung","status":"publish","type":"post","link":"https:\/\/www.psychologie-aktuell.info\/reha\/2010\/03\/marburger-modell%e2%80%9c-kombiniert-promotion-mit-psychotherapieausbildung\/","title":{"rendered":"Marburger Modell&#8220; kombiniert Promotion mit Psychotherapieausbildung"},"content":{"rendered":"<blockquote><p>Psychologen k\u00f6nnen zuk\u00fcnftig an der Universit\u00e4t Marburg in Klinischer Psychologie promovieren und parallel dazu die Psychotherapieausbildung abschlie\u00dfen. &#8230;<br \/>\nUnter der Leitung von Prof. Dr. Winfried Rief, Professor f\u00fcr Klinische Psychologie und Psychotherapie sowie Leiter der Psychotherapie-Ambulanz Universit\u00e4t Marburg, wird bei diesem Modell erstmals systematisch die Doppelqualifikation f\u00fcr die Ausbildung in Psychologischer Psychotherapie mit dem Erstellen einer Promotionsarbeit kombiniert.<\/p>\n<p><!--more-->Bisher sind sowohl die Promotion als auch die Psychotherapieausbildung f\u00fcr Psychologen jeweils mit Ausbildungsdauern von drei bis f\u00fcnf Jahren nach dem Studium verbunden. &#8222;Durch die systematische Einbindung und Nutzung von gemeinsamen Qualifikationsmerkmalen soll es gelingen, dass beide Qualifikationsschritte in einer Zeitspanne von vier Jahren abgeschlossen werden&#8220;, erkl\u00e4rt Rief. Die Teilnehmer erhielten deshalb nicht nur die entsprechenden Angebote f\u00fcr die Psychotherapieausbildung, sondern auch eine besondere F\u00f6rderung der wissenschaftlichen Laufbahn. In regelm\u00e4\u00dfigen Klausurtagungen werden die laufenden Forschungsprojekte besprochen und Umsetzungsprobleme gel\u00f6st. Au\u00dferdem werden wissenschaftliche Vortr\u00e4ge sowohl auf nationaler als auch auf internationaler Ebene einge\u00fcbt und vorbereitet, sodass die Teilnehmer selbstst\u00e4ndig ihre Arbeiten auf Kongressen vorstellen k\u00f6nnen. Indem Promotionen publikationsbasiert erstellt werden, k\u00f6nnen wissenschaftliche Artikel von den Teilnehmern bereits fr\u00fch in der Promotionsphase zur Ver\u00f6ffentlichung bei internationalen Zeitschriften eingereicht werden.<\/p><\/blockquote>\n<p>Quelle: <a href=\"http:\/\/www.uni-marburg.de\/aktuelles\/news\/2010a\/0225z\">Philipps-Universit\u00e4t Marburg &#8211; Pressestelle der Philipps-Universit\u00e4t : &#8222;Marburger Modell&#8220; kombiniert Promotion mit Psychotherapieausbildung<\/a><\/p>\n","protected":false},"excerpt":{"rendered":"<p>Psychologen k\u00f6nnen zuk\u00fcnftig an der Universit\u00e4t Marburg in Klinischer Psychologie promovieren und parallel dazu die Psychotherapieausbildung abschlie\u00dfen. &#8230; Unter der Leitung von Prof. Dr. Winfried Rief, Professor f\u00fcr Klinische Psychologie und Psychotherapie sowie Leiter der Psychotherapie-Ambulanz Universit\u00e4t Marburg, wird bei &hellip; <a href=\"https:\/\/www.psychologie-aktuell.info\/reha\/2010\/03\/marburger-modell%e2%80%9c-kombiniert-promotion-mit-psychotherapieausbildung\/\">Weiterlesen <span class=\"meta-nav\">&rarr;<\/span><\/a><\/p>\n","protected":false},"author":1,"featured_media":0,"comment_status":"open","ping_status":"open","sticky":false,"template":"","format":"standard","meta":{"_jetpack_memberships_contains_paid_content":false,"footnotes":""},"categories":[22],"tags":[29,71],"class_list":["post-1263","post","type-post","status-publish","format-standard","hentry","category-allgemein","tag-arbeit-beruf","tag-fortbildung"],"jetpack_featured_media_url":"","jetpack_shortlink":"https:\/\/wp.me\/p1fMVY-kn","jetpack_sharing_enabled":true,"_links":{"self":[{"href":"https:\/\/www.psychologie-aktuell.info\/reha\/wp-json\/wp\/v2\/posts\/1263","targetHints":{"allow":["GET"]}}],"collection":[{"href":"https:\/\/www.psychologie-aktuell.info\/reha\/wp-json\/wp\/v2\/posts"}],"about":[{"href":"https:\/\/www.psychologie-aktuell.info\/reha\/wp-json\/wp\/v2\/types\/post"}],"author":[{"embeddable":true,"href":"https:\/\/www.psychologie-aktuell.info\/reha\/wp-json\/wp\/v2\/users\/1"}],"replies":[{"embeddable":true,"href":"https:\/\/www.psychologie-aktuell.info\/reha\/wp-json\/wp\/v2\/comments?post=1263"}],"version-history":[{"count":2,"href":"https:\/\/www.psychologie-aktuell.info\/reha\/wp-json\/wp\/v2\/posts\/1263\/revisions"}],"predecessor-version":[{"id":1278,"href":"https:\/\/www.psychologie-aktuell.info\/reha\/wp-json\/wp\/v2\/posts\/1263\/revisions\/1278"}],"wp:attachment":[{"href":"https:\/\/www.psychologie-aktuell.info\/reha\/wp-json\/wp\/v2\/media?parent=1263"}],"wp:term":[{"taxonomy":"category","embeddable":true,"href":"https:\/\/www.psychologie-aktuell.info\/reha\/wp-json\/wp\/v2\/categories?post=1263"},{"taxonomy":"post_tag","embeddable":true,"href":"https:\/\/www.psychologie-aktuell.info\/reha\/wp-json\/wp\/v2\/tags?post=1263"}],"curies":[{"name":"wp","href":"https:\/\/api.w.org\/{rel}","templated":true}]}}