{"id":12643,"date":"2017-12-08T18:18:49","date_gmt":"2017-12-08T17:18:49","guid":{"rendered":"https:\/\/www.psychologie-aktuell.info\/reha\/?p=12643"},"modified":"2017-12-08T18:18:49","modified_gmt":"2017-12-08T17:18:49","slug":"nachsorgerealitaet-von-brustkrebspatientinnen-standardisierte-befragung-von-patientinnen-und-aerzten-sowie-analyse-der-behandlungsdaten","status":"publish","type":"post","link":"https:\/\/www.psychologie-aktuell.info\/reha\/2017\/12\/nachsorgerealitaet-von-brustkrebspatientinnen-standardisierte-befragung-von-patientinnen-und-aerzten-sowie-analyse-der-behandlungsdaten\/","title":{"rendered":"Nachsorgerealit\u00e4t von Brustkrebspatientinnen \u2013 standardisierte Befragung von Patientinnen und \u00c4rzten sowie Analyse der Behandlungsdaten"},"content":{"rendered":"<blockquote><p><span class=\"b\">Einleitung<\/span>\u2002In Deutschland leben etwa 360\u200a000 Brustkrebspatientinnen, die, nach Abschluss ihrer Prim\u00e4rtherapie, Nachsorgeangebote in Anspruch nehmen k\u00f6nnen. Bisher ist nur wenig dar\u00fcber bekannt, inwieweit die vorhandenen Angebote genutzt werden und wie die Nachsorgerealit\u00e4t erlebt und beurteilt wird. Hierzu wurde eine explorative Untersuchung mit Patientinnen und \u00c4rzten durchgef\u00fchrt.<\/p>\n<p><span class=\"b\">Patientinnen und Methoden<\/span>\u2002Alle Patientinnen, die zwischen 2007\u20132013 in einem zertifizierten Brustzentrum operiert wurden, erhielten einen standardisierten Fragebogen; gleichzeitig wurden nachsorgende \u00c4rzte zur Beantwortung eines standardisierten Fragebogens eingeladen.<\/p><\/blockquote>\n<p>Quelle: <a href=\"https:\/\/www.thieme-connect.de\/DOI\/DOI?10.1055\/s-0043-102536\">Thieme E-Journals &#8211; Senologie &#8211; Zeitschrift f\u00fcr Mammadiagnostik und -therapie \/ Abstract<\/a><\/p>\n","protected":false},"excerpt":{"rendered":"<p>Einleitung\u2002In Deutschland leben etwa 360\u200a000 Brustkrebspatientinnen, die, nach Abschluss ihrer Prim\u00e4rtherapie, Nachsorgeangebote in Anspruch nehmen k\u00f6nnen. Bisher ist nur wenig dar\u00fcber bekannt, inwieweit die vorhandenen Angebote genutzt werden und wie die Nachsorgerealit\u00e4t erlebt und beurteilt wird. Hierzu wurde eine explorative &hellip; <a href=\"https:\/\/www.psychologie-aktuell.info\/reha\/2017\/12\/nachsorgerealitaet-von-brustkrebspatientinnen-standardisierte-befragung-von-patientinnen-und-aerzten-sowie-analyse-der-behandlungsdaten\/\">Weiterlesen <span class=\"meta-nav\">&rarr;<\/span><\/a><\/p>\n","protected":false},"author":29,"featured_media":0,"comment_status":"closed","ping_status":"closed","sticky":false,"template":"","format":"standard","meta":{"_jetpack_memberships_contains_paid_content":false,"footnotes":""},"categories":[21],"tags":[],"class_list":["post-12643","post","type-post","status-publish","format-standard","hentry","category-zeitschriftenartikel"],"jetpack_featured_media_url":"","jetpack_shortlink":"https:\/\/wp.me\/p1fMVY-3hV","jetpack_sharing_enabled":true,"_links":{"self":[{"href":"https:\/\/www.psychologie-aktuell.info\/reha\/wp-json\/wp\/v2\/posts\/12643","targetHints":{"allow":["GET"]}}],"collection":[{"href":"https:\/\/www.psychologie-aktuell.info\/reha\/wp-json\/wp\/v2\/posts"}],"about":[{"href":"https:\/\/www.psychologie-aktuell.info\/reha\/wp-json\/wp\/v2\/types\/post"}],"author":[{"embeddable":true,"href":"https:\/\/www.psychologie-aktuell.info\/reha\/wp-json\/wp\/v2\/users\/29"}],"replies":[{"embeddable":true,"href":"https:\/\/www.psychologie-aktuell.info\/reha\/wp-json\/wp\/v2\/comments?post=12643"}],"version-history":[{"count":3,"href":"https:\/\/www.psychologie-aktuell.info\/reha\/wp-json\/wp\/v2\/posts\/12643\/revisions"}],"predecessor-version":[{"id":12790,"href":"https:\/\/www.psychologie-aktuell.info\/reha\/wp-json\/wp\/v2\/posts\/12643\/revisions\/12790"}],"wp:attachment":[{"href":"https:\/\/www.psychologie-aktuell.info\/reha\/wp-json\/wp\/v2\/media?parent=12643"}],"wp:term":[{"taxonomy":"category","embeddable":true,"href":"https:\/\/www.psychologie-aktuell.info\/reha\/wp-json\/wp\/v2\/categories?post=12643"},{"taxonomy":"post_tag","embeddable":true,"href":"https:\/\/www.psychologie-aktuell.info\/reha\/wp-json\/wp\/v2\/tags?post=12643"}],"curies":[{"name":"wp","href":"https:\/\/api.w.org\/{rel}","templated":true}]}}