{"id":1267,"date":"2010-03-26T17:18:40","date_gmt":"2010-03-26T16:18:40","guid":{"rendered":"http:\/\/www.reha-psychologie.net\/reha\/?p=1267"},"modified":"2010-03-26T16:55:15","modified_gmt":"2010-03-26T15:55:15","slug":"chronisch-obstruktive-lungenerkrankung-copd-lebensqualitat-und-belastung-der-partner-im-krankheitsverlauf","status":"publish","type":"post","link":"https:\/\/www.psychologie-aktuell.info\/reha\/2010\/03\/chronisch-obstruktive-lungenerkrankung-copd-lebensqualitat-und-belastung-der-partner-im-krankheitsverlauf\/","title":{"rendered":"Chronisch obstruktive Lungenerkrankung (COPD): Lebensqualit\u00e4t und Belastung der Partner im Krankheitsverlauf"},"content":{"rendered":"<blockquote><p>Die Auswirkung chronischer Krankheiten wie COPD auf das k\u00f6rperliche und seelische Wohlbefinden der pflegenden Angeh\u00f6rigen ist ein vernachl\u00e4ssigtes Forschungsgebiet. Ziel vorliegender Studie war die l\u00e4ngsschnittliche Evaluation von Lebensqualit\u00e4t und psychischer Belastung bei Partnern COPD-Erkrankter unter Ber\u00fccksichtigung weiterer psychosozialer Variablen. So wurden bei 143 konsekutiven COPD-Patienten einer pneumologischen Praxis und ihren Partnern (n=105) im 3-Jahresabstand Daten zu Lebensqualit\u00e4t (EuroQol), psychischer Belastung (SCL-90-R) und sozialer Unterst\u00fctzung (F-SozU) erhoben. Vollst\u00e4ndige Datens\u00e4tze lagen von 64 Paaren vor. Partner wiesen erniedrigte Lebensqualit\u00e4tswerte auf und fast 1\/4 von ihnen war in auff\u00e4lligem Ma\u00dfe psychisch belastet. Lebensqualit\u00e4t und psychische Belastung lie\u00dfen sich u. a. durch die soziale Belastung vorhersagen. Angesichts der Ergebnisse besteht f\u00fcr Forschung und Praxis Grund zum Handeln, um zu verhindern, dass die Pflegenden von heute verfr\u00fcht selbst zu Pflegef\u00e4llen werden.<\/p><\/blockquote>\n<p>Quelle: <a href=\"https:\/\/www.thieme-connect.com\/DOI\/DOI10.1055\/s-0030-1248280\">Thieme eJournals &#8211; Abstract<\/a><\/p>\n","protected":false},"excerpt":{"rendered":"<p>Die Auswirkung chronischer Krankheiten wie COPD auf das k\u00f6rperliche und seelische Wohlbefinden der pflegenden Angeh\u00f6rigen ist ein vernachl\u00e4ssigtes Forschungsgebiet. Ziel vorliegender Studie war die l\u00e4ngsschnittliche Evaluation von Lebensqualit\u00e4t und psychischer Belastung bei Partnern COPD-Erkrankter unter Ber\u00fccksichtigung weiterer psychosozialer Variablen. So &hellip; <a href=\"https:\/\/www.psychologie-aktuell.info\/reha\/2010\/03\/chronisch-obstruktive-lungenerkrankung-copd-lebensqualitat-und-belastung-der-partner-im-krankheitsverlauf\/\">Weiterlesen <span class=\"meta-nav\">&rarr;<\/span><\/a><\/p>\n","protected":false},"author":1,"featured_media":0,"comment_status":"open","ping_status":"open","sticky":false,"template":"","format":"standard","meta":{"_jetpack_memberships_contains_paid_content":false,"footnotes":""},"categories":[22],"tags":[],"class_list":["post-1267","post","type-post","status-publish","format-standard","hentry","category-allgemein"],"jetpack_featured_media_url":"","jetpack_shortlink":"https:\/\/wp.me\/p1fMVY-kr","jetpack_sharing_enabled":true,"_links":{"self":[{"href":"https:\/\/www.psychologie-aktuell.info\/reha\/wp-json\/wp\/v2\/posts\/1267","targetHints":{"allow":["GET"]}}],"collection":[{"href":"https:\/\/www.psychologie-aktuell.info\/reha\/wp-json\/wp\/v2\/posts"}],"about":[{"href":"https:\/\/www.psychologie-aktuell.info\/reha\/wp-json\/wp\/v2\/types\/post"}],"author":[{"embeddable":true,"href":"https:\/\/www.psychologie-aktuell.info\/reha\/wp-json\/wp\/v2\/users\/1"}],"replies":[{"embeddable":true,"href":"https:\/\/www.psychologie-aktuell.info\/reha\/wp-json\/wp\/v2\/comments?post=1267"}],"version-history":[{"count":3,"href":"https:\/\/www.psychologie-aktuell.info\/reha\/wp-json\/wp\/v2\/posts\/1267\/revisions"}],"predecessor-version":[{"id":1913,"href":"https:\/\/www.psychologie-aktuell.info\/reha\/wp-json\/wp\/v2\/posts\/1267\/revisions\/1913"}],"wp:attachment":[{"href":"https:\/\/www.psychologie-aktuell.info\/reha\/wp-json\/wp\/v2\/media?parent=1267"}],"wp:term":[{"taxonomy":"category","embeddable":true,"href":"https:\/\/www.psychologie-aktuell.info\/reha\/wp-json\/wp\/v2\/categories?post=1267"},{"taxonomy":"post_tag","embeddable":true,"href":"https:\/\/www.psychologie-aktuell.info\/reha\/wp-json\/wp\/v2\/tags?post=1267"}],"curies":[{"name":"wp","href":"https:\/\/api.w.org\/{rel}","templated":true}]}}