{"id":12780,"date":"2017-12-05T21:41:06","date_gmt":"2017-12-05T20:41:06","guid":{"rendered":"https:\/\/www.psychologie-aktuell.info\/reha\/?p=12780"},"modified":"2017-12-05T21:41:06","modified_gmt":"2017-12-05T20:41:06","slug":"tvoed-kommunal-frist-fuer-antrag-auf-hoehergruppierung-nach-e14-fuer-angestellte-pp-und-kjp-laeuft-aus","status":"publish","type":"post","link":"https:\/\/www.psychologie-aktuell.info\/reha\/2017\/12\/tvoed-kommunal-frist-fuer-antrag-auf-hoehergruppierung-nach-e14-fuer-angestellte-pp-und-kjp-laeuft-aus\/","title":{"rendered":"TV\u00f6D Kommunal: Frist f\u00fcr Antrag auf H\u00f6hergruppierung nach E14 f\u00fcr angestellte PP und  KJP l\u00e4uft aus!"},"content":{"rendered":"<p>F\u00fcr alle KollegInnen, die nach dem TV\u00f6D-kommunal verg\u00fctet werden: Ver.di weist darauf hin, dass die H\u00f6hergruppierung in die Verg\u00fctungsgruppe E 14 gem\u00e4\u00df TV\u00f6D bis zum 31.12.2017 beantragt werden muss, da sie nur dann r\u00fcckwirkend zum 01.01.2017 gelten kann.<br \/>\nSp\u00e4tere Antr\u00e4ge k\u00f6nnen dann lediglich ab Antragsdatum wirken.<br \/>\nDiese Option gilt grunds\u00e4tzlich f\u00fcr alle Psychologischen PsychotherapeutInnen und Kinder- und JugendlichenpsychotherapeutInnen in Beratungsstellen, Kliniken oder Einrichtungen der Jugendhilfe, die nach TV\u00f6D-kommunal verg\u00fctet werden. Die Kammer r\u00e4t dazu, eine H\u00f6hergruppierung fristwahrend zu beantragen, z.B. mit dem Satz \u201eHiermit beantrage ich die H\u00f6hergruppierung gem\u00e4\u00df \u00a7 29 b TV\u00dc-VKA in die Entgeltgruppe 14 (Anlage 1 zum TV\u00f6D-VKA)\u201c.<br \/>\nAchtung: Approbation und Aus\u00fcbung psychotherapeutischer T\u00e4tigkeit erforderlich!<\/p>\n<p>Quelle: <a href=\"https:\/\/www.lpk-bw.de\/news\/2017\/frist-fuer-antrag-auf-hoehergruppierung-nach-e14-fuer-angestellte-pp-und-kjp-laeuft-aus\">Landespsychotherapeutenkammer BW<\/a><\/p>\n<p>(urspr\u00fcngliche Quellen: Newsletter LPtK- Hessen 11\/2017, Berarbeitung: B. Morsch, PK Saarland \u2013 26.11.2017)<\/p>\n","protected":false},"excerpt":{"rendered":"<p>F\u00fcr alle KollegInnen, die nach dem TV\u00f6D-kommunal verg\u00fctet werden: Ver.di weist darauf hin, dass die H\u00f6hergruppierung in die Verg\u00fctungsgruppe E 14 gem\u00e4\u00df TV\u00f6D bis zum 31.12.2017 beantragt werden muss, da sie nur dann r\u00fcckwirkend zum 01.01.2017 gelten kann. Sp\u00e4tere Antr\u00e4ge &hellip; <a href=\"https:\/\/www.psychologie-aktuell.info\/reha\/2017\/12\/tvoed-kommunal-frist-fuer-antrag-auf-hoehergruppierung-nach-e14-fuer-angestellte-pp-und-kjp-laeuft-aus\/\">Weiterlesen <span class=\"meta-nav\">&rarr;<\/span><\/a><\/p>\n","protected":false},"author":1,"featured_media":0,"comment_status":"closed","ping_status":"closed","sticky":false,"template":"","format":"standard","meta":{"_jetpack_memberships_contains_paid_content":false,"footnotes":""},"categories":[22,36],"tags":[],"class_list":["post-12780","post","type-post","status-publish","format-standard","hentry","category-allgemein","category-termine"],"jetpack_featured_media_url":"","jetpack_shortlink":"https:\/\/wp.me\/p1fMVY-3k8","jetpack_sharing_enabled":true,"_links":{"self":[{"href":"https:\/\/www.psychologie-aktuell.info\/reha\/wp-json\/wp\/v2\/posts\/12780","targetHints":{"allow":["GET"]}}],"collection":[{"href":"https:\/\/www.psychologie-aktuell.info\/reha\/wp-json\/wp\/v2\/posts"}],"about":[{"href":"https:\/\/www.psychologie-aktuell.info\/reha\/wp-json\/wp\/v2\/types\/post"}],"author":[{"embeddable":true,"href":"https:\/\/www.psychologie-aktuell.info\/reha\/wp-json\/wp\/v2\/users\/1"}],"replies":[{"embeddable":true,"href":"https:\/\/www.psychologie-aktuell.info\/reha\/wp-json\/wp\/v2\/comments?post=12780"}],"version-history":[{"count":2,"href":"https:\/\/www.psychologie-aktuell.info\/reha\/wp-json\/wp\/v2\/posts\/12780\/revisions"}],"predecessor-version":[{"id":12782,"href":"https:\/\/www.psychologie-aktuell.info\/reha\/wp-json\/wp\/v2\/posts\/12780\/revisions\/12782"}],"wp:attachment":[{"href":"https:\/\/www.psychologie-aktuell.info\/reha\/wp-json\/wp\/v2\/media?parent=12780"}],"wp:term":[{"taxonomy":"category","embeddable":true,"href":"https:\/\/www.psychologie-aktuell.info\/reha\/wp-json\/wp\/v2\/categories?post=12780"},{"taxonomy":"post_tag","embeddable":true,"href":"https:\/\/www.psychologie-aktuell.info\/reha\/wp-json\/wp\/v2\/tags?post=12780"}],"curies":[{"name":"wp","href":"https:\/\/api.w.org\/{rel}","templated":true}]}}