{"id":13847,"date":"2018-05-11T06:20:00","date_gmt":"2018-05-11T04:20:00","guid":{"rendered":"https:\/\/www.psychologie-aktuell.info\/reha\/?p=13847"},"modified":"2018-05-03T10:21:07","modified_gmt":"2018-05-03T08:21:07","slug":"emotionsregulation-trend-in-der-psychotherapie","status":"publish","type":"post","link":"https:\/\/www.psychologie-aktuell.info\/reha\/2018\/05\/emotionsregulation-trend-in-der-psychotherapie\/","title":{"rendered":"Emotionsregulation \u2013 Trend in der Psychotherapie"},"content":{"rendered":"<blockquote><p>Emotionen und deren Regulation sind entscheidend daf\u00fcr, wie Personen mit bed\u00fcrfnisrelevanten Situationen umgehen k\u00f6nnen. Die F\u00e4higkeit zur adaptiven Regulation von Emotionen wird in direkten Zusammenhang mit der sozialen Anpassung sowie der psychischen Gesundheit gebracht. Defizite finden sich oft bei Patienten mit einer psychischen Erkrankung. Deswegen ist die Kenntnis der funktionalen Emotionsregulation f\u00fcr die Psychotherapie unerl\u00e4sslich.<\/p><\/blockquote>\n<p><a href=\"https:\/\/www.thieme-connect.de\/DOI\/DOI?10.1055\/s-0043-123278\">Thieme E-Journals &#8211; PiD &#8211; Psychotherapie im Dialog \/ Abstract<\/a><\/p>\n","protected":false},"excerpt":{"rendered":"<p>Emotionen und deren Regulation sind entscheidend daf\u00fcr, wie Personen mit bed\u00fcrfnisrelevanten Situationen umgehen k\u00f6nnen. Die F\u00e4higkeit zur adaptiven Regulation von Emotionen wird in direkten Zusammenhang mit der sozialen Anpassung sowie der psychischen Gesundheit gebracht. Defizite finden sich oft bei Patienten &hellip; <a href=\"https:\/\/www.psychologie-aktuell.info\/reha\/2018\/05\/emotionsregulation-trend-in-der-psychotherapie\/\">Weiterlesen <span class=\"meta-nav\">&rarr;<\/span><\/a><\/p>\n","protected":false},"author":29,"featured_media":0,"comment_status":"closed","ping_status":"closed","sticky":false,"template":"","format":"standard","meta":{"_jetpack_memberships_contains_paid_content":false,"footnotes":""},"categories":[21],"tags":[],"class_list":["post-13847","post","type-post","status-publish","format-standard","hentry","category-zeitschriftenartikel"],"jetpack_featured_media_url":"","jetpack_shortlink":"https:\/\/wp.me\/p1fMVY-3Bl","jetpack_sharing_enabled":true,"_links":{"self":[{"href":"https:\/\/www.psychologie-aktuell.info\/reha\/wp-json\/wp\/v2\/posts\/13847","targetHints":{"allow":["GET"]}}],"collection":[{"href":"https:\/\/www.psychologie-aktuell.info\/reha\/wp-json\/wp\/v2\/posts"}],"about":[{"href":"https:\/\/www.psychologie-aktuell.info\/reha\/wp-json\/wp\/v2\/types\/post"}],"author":[{"embeddable":true,"href":"https:\/\/www.psychologie-aktuell.info\/reha\/wp-json\/wp\/v2\/users\/29"}],"replies":[{"embeddable":true,"href":"https:\/\/www.psychologie-aktuell.info\/reha\/wp-json\/wp\/v2\/comments?post=13847"}],"version-history":[{"count":1,"href":"https:\/\/www.psychologie-aktuell.info\/reha\/wp-json\/wp\/v2\/posts\/13847\/revisions"}],"predecessor-version":[{"id":13848,"href":"https:\/\/www.psychologie-aktuell.info\/reha\/wp-json\/wp\/v2\/posts\/13847\/revisions\/13848"}],"wp:attachment":[{"href":"https:\/\/www.psychologie-aktuell.info\/reha\/wp-json\/wp\/v2\/media?parent=13847"}],"wp:term":[{"taxonomy":"category","embeddable":true,"href":"https:\/\/www.psychologie-aktuell.info\/reha\/wp-json\/wp\/v2\/categories?post=13847"},{"taxonomy":"post_tag","embeddable":true,"href":"https:\/\/www.psychologie-aktuell.info\/reha\/wp-json\/wp\/v2\/tags?post=13847"}],"curies":[{"name":"wp","href":"https:\/\/api.w.org\/{rel}","templated":true}]}}