{"id":13869,"date":"2018-05-21T06:45:00","date_gmt":"2018-05-21T04:45:00","guid":{"rendered":"https:\/\/www.psychologie-aktuell.info\/reha\/?p=13869"},"modified":"2018-05-22T07:37:18","modified_gmt":"2018-05-22T05:37:18","slug":"kulturabhaengigkeit-der-einstellung-gegenueber-psychotherapeutischer-behandlung-bei-tuerkeistaemmigen-und-personen-ohne-migrationshintergrund","status":"publish","type":"post","link":"https:\/\/www.psychologie-aktuell.info\/reha\/2018\/05\/kulturabhaengigkeit-der-einstellung-gegenueber-psychotherapeutischer-behandlung-bei-tuerkeistaemmigen-und-personen-ohne-migrationshintergrund\/","title":{"rendered":"Kulturabh\u00e4ngigkeit der Einstellung gegen\u00fcber psychotherapeutischer Behandlung bei T\u00fcrkeist\u00e4mmigen und Personen ohne Migrationshintergrund"},"content":{"rendered":"<blockquote><p><strong>Ziel<\/strong> Die vorliegende Arbeit vergleicht die Einstellung zur Inanspruchnahme psychotherapeutischer Hilfe bei in Deutschland lebenden Personen ohne und mit t\u00fcrkischem Migrationshintergrund. Dabei werden auch geschlechts- und st\u00f6rungsspezifische sowie soziodemographische Unterschiede hinsichtlich der Aufgeschlossenheit gegen\u00fcber psychotherapeutischen Behandlungen mitber\u00fccksichtigt.<br \/>\n<strong>Methoden<\/strong> Im Rahmen dieser Studie wurden t\u00fcrkeist\u00e4mmige (n=129) Personen und Probanden ohne t\u00fcrkischen Migrationshintergrund (n=129) mit dem Fragebogen zu Einstellungen gegen\u00fcber der Inanspruchnahme psychotherapeutischer Hilfe, dem Fragebogen zur sozialen Unterst\u00fctzung, der Kurzversion der Symptom-Checkliste mit den Teilskalen Angst, Depression und Somatisierung sowie einem soziobiografischen Fragebogen untersucht.<\/p>\n<p><!--more--><\/p>\n<p><strong>Ergebnisse<\/strong> Die Einstellung gegen\u00fcber einer psychotherapeutischen Behandlung ist bei Menschen mit t\u00fcrkischem Migrationshintergrund weniger positiv als bei Menschen ohne Migrationshintergrund. Frauen, Depressive, Menschen mit einer hohen sozialen Unterst\u00fctzung, einer hohen Schulbildung und mit eigenen Kindern stehen einer psychotherapeutischen Behandlung aufgeschlossener gegen\u00fcber.<br \/>\n<strong>Diskussion<\/strong> Die Einstellung zur Inanspruchnahme psychotherapeutischer Hilfe wird von soziodemografischen, geschlechts- sowie st\u00f6rungsspezifischen und insbesondere von kulturspezifischen Faktoren beeinflusst.<br \/>\n<strong>Schlussfolgerung<\/strong> Diese Befunde verdeutlichen die Notwendigkeit einer breiteren Aufkl\u00e4rung der Gesellschaft \u00fcber Psychotherapie und des Aufbaus interkultureller Beratungsm\u00f6glichkeiten f\u00fcr Migranten.<\/p><\/blockquote>\n<p><a href=\"https:\/\/www.thieme-connect.de\/DOI\/DOI?10.1055\/a-0583-1093\">Thieme E-Journals &#8211; PPmP &#8211; Psychotherapie \u00b7 Psychosomatik \u00b7 Medizinische Psychologie \/ Abstract<\/a><\/p>\n","protected":false},"excerpt":{"rendered":"<p>Ziel Die vorliegende Arbeit vergleicht die Einstellung zur Inanspruchnahme psychotherapeutischer Hilfe bei in Deutschland lebenden Personen ohne und mit t\u00fcrkischem Migrationshintergrund. Dabei werden auch geschlechts- und st\u00f6rungsspezifische sowie soziodemographische Unterschiede hinsichtlich der Aufgeschlossenheit gegen\u00fcber psychotherapeutischen Behandlungen mitber\u00fccksichtigt. Methoden Im Rahmen &hellip; <a href=\"https:\/\/www.psychologie-aktuell.info\/reha\/2018\/05\/kulturabhaengigkeit-der-einstellung-gegenueber-psychotherapeutischer-behandlung-bei-tuerkeistaemmigen-und-personen-ohne-migrationshintergrund\/\">Weiterlesen <span class=\"meta-nav\">&rarr;<\/span><\/a><\/p>\n","protected":false},"author":29,"featured_media":0,"comment_status":"closed","ping_status":"closed","sticky":false,"template":"","format":"standard","meta":{"_jetpack_memberships_contains_paid_content":false,"footnotes":""},"categories":[21],"tags":[],"class_list":["post-13869","post","type-post","status-publish","format-standard","hentry","category-zeitschriftenartikel"],"jetpack_featured_media_url":"","jetpack_shortlink":"https:\/\/wp.me\/p1fMVY-3BH","jetpack_sharing_enabled":true,"_links":{"self":[{"href":"https:\/\/www.psychologie-aktuell.info\/reha\/wp-json\/wp\/v2\/posts\/13869","targetHints":{"allow":["GET"]}}],"collection":[{"href":"https:\/\/www.psychologie-aktuell.info\/reha\/wp-json\/wp\/v2\/posts"}],"about":[{"href":"https:\/\/www.psychologie-aktuell.info\/reha\/wp-json\/wp\/v2\/types\/post"}],"author":[{"embeddable":true,"href":"https:\/\/www.psychologie-aktuell.info\/reha\/wp-json\/wp\/v2\/users\/29"}],"replies":[{"embeddable":true,"href":"https:\/\/www.psychologie-aktuell.info\/reha\/wp-json\/wp\/v2\/comments?post=13869"}],"version-history":[{"count":3,"href":"https:\/\/www.psychologie-aktuell.info\/reha\/wp-json\/wp\/v2\/posts\/13869\/revisions"}],"predecessor-version":[{"id":13940,"href":"https:\/\/www.psychologie-aktuell.info\/reha\/wp-json\/wp\/v2\/posts\/13869\/revisions\/13940"}],"wp:attachment":[{"href":"https:\/\/www.psychologie-aktuell.info\/reha\/wp-json\/wp\/v2\/media?parent=13869"}],"wp:term":[{"taxonomy":"category","embeddable":true,"href":"https:\/\/www.psychologie-aktuell.info\/reha\/wp-json\/wp\/v2\/categories?post=13869"},{"taxonomy":"post_tag","embeddable":true,"href":"https:\/\/www.psychologie-aktuell.info\/reha\/wp-json\/wp\/v2\/tags?post=13869"}],"curies":[{"name":"wp","href":"https:\/\/api.w.org\/{rel}","templated":true}]}}