{"id":1402,"date":"2010-05-21T10:06:03","date_gmt":"2010-05-21T08:06:03","guid":{"rendered":"http:\/\/www.reha-psychologie.net\/reha\/?p=1402"},"modified":"2010-05-24T23:35:08","modified_gmt":"2010-05-24T21:35:08","slug":"demografische-bevolkerungsprognosen","status":"publish","type":"post","link":"https:\/\/www.psychologie-aktuell.info\/reha\/2010\/05\/demografische-bevolkerungsprognosen\/","title":{"rendered":"Demografische Bev\u00f6lkerungsprognosen"},"content":{"rendered":"<blockquote><p>Bev\u00f6lkerungsprognosen werden von Wissenschaft, Politik und Wirtschaft sowie der allgemeinen \u00d6ffentlichkeit nachgefragt. Dabei steht der Wunsch der Nutzer nach der einen Bev\u00f6lkerungsprognose der Unsicherheit zuk\u00fcnftiger demografischer Entwicklungen entgegen. In der Vergangenheit, und auch heute, werden und wurden Bev\u00f6lkerungsprognosen weltweit mehrheitlich unter Anwendung des deterministischen Ansatzes nach der Kohorten-Komponenten-Methode gerechnet. Der Unsicherheit \u00fcber den zuk\u00fcnftigen Verlauf der demografischen Prozesse Fertilit\u00e4t, Mortalit\u00e4t und Migration wird dabei durch Szenarienrechnungen begegnet. In zahlreichen Studien wurden Bev\u00f6lkerungsprognosen ex-post auf ihre Treffsicherheit untersucht. Dabei hat sich gezeigt, dass diese von einer Reihe von Faktoren wie dem gew\u00e4hlten Zeithorizont oder der regionalen Aggregationsebene abh\u00e4ngt. Bestimmend f\u00fcr die Treffsicherheit sind jedoch vor allem die der Prognose zugrunde gelegten Annahmen zum Verlauf der demografischen Prozesse. Eben diese wurden in vergangenen Prognosen immer wieder unter- oder \u00fcbersch\u00e4tzt. Heute wird, bei Anwendung der sogenannten probabilistischen Prognosen, der Verlauf demografischer Prozesse unter Einbeziehung von Wahrscheinlichkeiten prognostiziert.<\/p><\/blockquote>\n<p>Quelle: <a href=\"http:\/\/www.springerlink.com\/content\/5716q6342689r5w6\/\">SpringerLink &#8211; Zeitschriftenbeitrag<\/a><\/p>\n","protected":false},"excerpt":{"rendered":"<p>Bev\u00f6lkerungsprognosen werden von Wissenschaft, Politik und Wirtschaft sowie der allgemeinen \u00d6ffentlichkeit nachgefragt. Dabei steht der Wunsch der Nutzer nach der einen Bev\u00f6lkerungsprognose der Unsicherheit zuk\u00fcnftiger demografischer Entwicklungen entgegen. In der Vergangenheit, und auch heute, werden und wurden Bev\u00f6lkerungsprognosen weltweit mehrheitlich &hellip; <a href=\"https:\/\/www.psychologie-aktuell.info\/reha\/2010\/05\/demografische-bevolkerungsprognosen\/\">Weiterlesen <span class=\"meta-nav\">&rarr;<\/span><\/a><\/p>\n","protected":false},"author":1,"featured_media":0,"comment_status":"open","ping_status":"open","sticky":false,"template":"","format":"standard","meta":{"_jetpack_memberships_contains_paid_content":false,"footnotes":""},"categories":[22],"tags":[],"class_list":["post-1402","post","type-post","status-publish","format-standard","hentry","category-allgemein"],"jetpack_featured_media_url":"","jetpack_shortlink":"https:\/\/wp.me\/p1fMVY-mC","jetpack_sharing_enabled":true,"_links":{"self":[{"href":"https:\/\/www.psychologie-aktuell.info\/reha\/wp-json\/wp\/v2\/posts\/1402","targetHints":{"allow":["GET"]}}],"collection":[{"href":"https:\/\/www.psychologie-aktuell.info\/reha\/wp-json\/wp\/v2\/posts"}],"about":[{"href":"https:\/\/www.psychologie-aktuell.info\/reha\/wp-json\/wp\/v2\/types\/post"}],"author":[{"embeddable":true,"href":"https:\/\/www.psychologie-aktuell.info\/reha\/wp-json\/wp\/v2\/users\/1"}],"replies":[{"embeddable":true,"href":"https:\/\/www.psychologie-aktuell.info\/reha\/wp-json\/wp\/v2\/comments?post=1402"}],"version-history":[{"count":2,"href":"https:\/\/www.psychologie-aktuell.info\/reha\/wp-json\/wp\/v2\/posts\/1402\/revisions"}],"predecessor-version":[{"id":1523,"href":"https:\/\/www.psychologie-aktuell.info\/reha\/wp-json\/wp\/v2\/posts\/1402\/revisions\/1523"}],"wp:attachment":[{"href":"https:\/\/www.psychologie-aktuell.info\/reha\/wp-json\/wp\/v2\/media?parent=1402"}],"wp:term":[{"taxonomy":"category","embeddable":true,"href":"https:\/\/www.psychologie-aktuell.info\/reha\/wp-json\/wp\/v2\/categories?post=1402"},{"taxonomy":"post_tag","embeddable":true,"href":"https:\/\/www.psychologie-aktuell.info\/reha\/wp-json\/wp\/v2\/tags?post=1402"}],"curies":[{"name":"wp","href":"https:\/\/api.w.org\/{rel}","templated":true}]}}