{"id":14044,"date":"2018-10-01T13:02:52","date_gmt":"2018-10-01T11:02:52","guid":{"rendered":"https:\/\/www.psychologie-aktuell.info\/reha\/?p=14044"},"modified":"2018-10-01T13:04:14","modified_gmt":"2018-10-01T11:04:14","slug":"diagnostik-und-therapie-von-angsterkrankungen","status":"publish","type":"post","link":"https:\/\/www.psychologie-aktuell.info\/reha\/2018\/10\/diagnostik-und-therapie-von-angsterkrankungen\/","title":{"rendered":"Diagnostik und Therapie von Angsterkrankungen"},"content":{"rendered":"<p><strong>Zusammenfassung<\/strong><br \/>\n<strong>Hintergrund<\/strong>: Angsterkrankungen liegen mit einer 12-Monatspr\u00e4valenz von 14 % bei den 14- bis 65-J\u00e4hrigen in Europa an der Spitze der psychischen Erkrankungen. Der Beginn liegt meist bereits in der Jugend beziehungsweise dem fr\u00fchen Erwachsenenalter. H\u00e4ufig kommt es im Verlauf zu weiteren psychischen oder somatischen Erkrankungen (sequenzielle Komorbidit\u00e4t).<br \/>\n<strong>Methode<\/strong>: Selektive Literaturrecherche in PubMed.<br \/>\n<strong>Ergebnisse<\/strong>: Die Angstst\u00f6rungen umfassen die generalisierte Angstst\u00f6rung (GAS), die phobischen Erkrankungen, die Panikst\u00f6rungen sowie die h\u00e4ufig auf die Kindheit beschr\u00e4nkten Formen Trennungsangst und selektiven Mutismus. Angst kann auch bei anderen psychischen oder somatischen Erkrankungen im Vordergrund stehen, sodass eine umfassende differenzialdiagnostische Abkl\u00e4rung von wesentlicher Bedeutung ist. Psychotherapie beziehungsweise Psychopharmakotherapie sind die Behandlungsstrategien der ersten Wahl, wobei psychotherapeutisch f\u00fcr die kognitive Verhaltenstherapie die eindeutigsten Wirksamkeitsnachweise vorliegen. Pharmakologisch gelten bei Panikst\u00f6rung, Agoraphobie, sozialer Phobie und GAS moderne Antidepressiva \u2013 sowie bei GAS auch Pregabalin \u2013 als Mittel der ersten Wahl.<\/p>\n<p>Quelle: <a href=\"https:\/\/www.aerzteblatt.de\/pdf.asp?id=200240\">\u00c4rzteblatt 37\/2018<\/a><\/p>\n","protected":false},"excerpt":{"rendered":"<p>Zusammenfassung Hintergrund: Angsterkrankungen liegen mit einer 12-Monatspr\u00e4valenz von 14 % bei den 14- bis 65-J\u00e4hrigen in Europa an der Spitze der psychischen Erkrankungen. Der Beginn liegt meist bereits in der Jugend beziehungsweise dem fr\u00fchen Erwachsenenalter. H\u00e4ufig kommt es im Verlauf &hellip; <a href=\"https:\/\/www.psychologie-aktuell.info\/reha\/2018\/10\/diagnostik-und-therapie-von-angsterkrankungen\/\">Weiterlesen <span class=\"meta-nav\">&rarr;<\/span><\/a><\/p>\n","protected":false},"author":1,"featured_media":0,"comment_status":"closed","ping_status":"closed","sticky":false,"template":"","format":"standard","meta":{"_jetpack_memberships_contains_paid_content":false,"footnotes":""},"categories":[21],"tags":[],"class_list":["post-14044","post","type-post","status-publish","format-standard","hentry","category-zeitschriftenartikel"],"jetpack_featured_media_url":"","jetpack_shortlink":"https:\/\/wp.me\/p1fMVY-3Ew","jetpack_sharing_enabled":true,"_links":{"self":[{"href":"https:\/\/www.psychologie-aktuell.info\/reha\/wp-json\/wp\/v2\/posts\/14044","targetHints":{"allow":["GET"]}}],"collection":[{"href":"https:\/\/www.psychologie-aktuell.info\/reha\/wp-json\/wp\/v2\/posts"}],"about":[{"href":"https:\/\/www.psychologie-aktuell.info\/reha\/wp-json\/wp\/v2\/types\/post"}],"author":[{"embeddable":true,"href":"https:\/\/www.psychologie-aktuell.info\/reha\/wp-json\/wp\/v2\/users\/1"}],"replies":[{"embeddable":true,"href":"https:\/\/www.psychologie-aktuell.info\/reha\/wp-json\/wp\/v2\/comments?post=14044"}],"version-history":[{"count":3,"href":"https:\/\/www.psychologie-aktuell.info\/reha\/wp-json\/wp\/v2\/posts\/14044\/revisions"}],"predecessor-version":[{"id":14047,"href":"https:\/\/www.psychologie-aktuell.info\/reha\/wp-json\/wp\/v2\/posts\/14044\/revisions\/14047"}],"wp:attachment":[{"href":"https:\/\/www.psychologie-aktuell.info\/reha\/wp-json\/wp\/v2\/media?parent=14044"}],"wp:term":[{"taxonomy":"category","embeddable":true,"href":"https:\/\/www.psychologie-aktuell.info\/reha\/wp-json\/wp\/v2\/categories?post=14044"},{"taxonomy":"post_tag","embeddable":true,"href":"https:\/\/www.psychologie-aktuell.info\/reha\/wp-json\/wp\/v2\/tags?post=14044"}],"curies":[{"name":"wp","href":"https:\/\/api.w.org\/{rel}","templated":true}]}}