{"id":1411,"date":"2010-05-19T09:14:27","date_gmt":"2010-05-19T07:14:27","guid":{"rendered":"http:\/\/www.reha-psychologie.net\/reha\/?p=1411"},"modified":"2010-05-19T21:35:38","modified_gmt":"2010-05-19T19:35:38","slug":"tinnitus-und-das-leiden-am-tinnitus","status":"publish","type":"post","link":"https:\/\/www.psychologie-aktuell.info\/reha\/2010\/05\/tinnitus-und-das-leiden-am-tinnitus\/","title":{"rendered":"Tinnitus und das Leiden am Tinnitus"},"content":{"rendered":"<blockquote><p>Vorgestellt werden die psychosomatischen Befundkonstellationen von 287 Tinnituspatienten, die in einem Zeitraum von 15 Monaten von einem \u00e4rztlichen Psychotherapeuten mit HNO-Schwerpunkt ambulant gesehen wurden, wobei eine Zuordnung zu den m\u00f6glichen Therapiema\u00dfnahmen vorgenommen wurde. Deutlich wird ebenso die Relevanz der neurootologischen Fachkompetenz, insbesondere hinsichtlich der Erfassung und Behandlung der mit 41% h\u00e4ufig vorhandenen H\u00f6reinschr\u00e4nkungen sowie auch die Beachtung und Therapie der in 45,3% zu erfassenden psychischen Komorbidit\u00e4t. W\u00e4hrend neurophysiologische und psychophysiologische Modelle die <!--more-->subjektive Tinnitusbelastung durch eine mangelnde Habituation, dysfunktionale Aufmerksamkeitsprozesse und Bewertungen interpretieren, kann nach tiefenpsychologischem Verst\u00e4ndnis ein Symptom mit Krankheitswert wie das Leiden am Tinnitus (nicht der Tinnitus selbst!) entstehen, wenn sich die Abwehrmechanismen ersch\u00f6pfen, ein Konflikt auf der bewussten Ebene nicht l\u00f6sbar ist oder traumatische Erfahrungen gemacht werden mussten. Pl\u00e4diert wird f\u00fcr eine st\u00f6rungsspezifische Betrachtungsweise, die auf audiologischer Grundlage sowohl m\u00f6gliche Ursachen im Sinne der Tiefenpsychologie ebenso wie aufrechterhaltende Faktoren entlang der kognitiven Verhaltenstherapie ber\u00fccksichtigt.<\/p><\/blockquote>\n<p>Quelle: <a href=\"http:\/\/www.springerlink.com\/content\/r66773t5259n58pp\/\">SpringerLink &#8211; Zeitschriftenbeitrag<\/a><\/p>\n","protected":false},"excerpt":{"rendered":"<p>Vorgestellt werden die psychosomatischen Befundkonstellationen von 287 Tinnituspatienten, die in einem Zeitraum von 15 Monaten von einem \u00e4rztlichen Psychotherapeuten mit HNO-Schwerpunkt ambulant gesehen wurden, wobei eine Zuordnung zu den m\u00f6glichen Therapiema\u00dfnahmen vorgenommen wurde. Deutlich wird ebenso die Relevanz der neurootologischen &hellip; <a href=\"https:\/\/www.psychologie-aktuell.info\/reha\/2010\/05\/tinnitus-und-das-leiden-am-tinnitus\/\">Weiterlesen <span class=\"meta-nav\">&rarr;<\/span><\/a><\/p>\n","protected":false},"author":1,"featured_media":0,"comment_status":"open","ping_status":"open","sticky":false,"template":"","format":"standard","meta":{"_jetpack_memberships_contains_paid_content":false,"footnotes":""},"categories":[],"tags":[119],"class_list":["post-1411","post","type-post","status-publish","format-standard","hentry","tag-tinnitus"],"jetpack_featured_media_url":"","jetpack_shortlink":"https:\/\/wp.me\/p1fMVY-mL","jetpack_sharing_enabled":true,"_links":{"self":[{"href":"https:\/\/www.psychologie-aktuell.info\/reha\/wp-json\/wp\/v2\/posts\/1411","targetHints":{"allow":["GET"]}}],"collection":[{"href":"https:\/\/www.psychologie-aktuell.info\/reha\/wp-json\/wp\/v2\/posts"}],"about":[{"href":"https:\/\/www.psychologie-aktuell.info\/reha\/wp-json\/wp\/v2\/types\/post"}],"author":[{"embeddable":true,"href":"https:\/\/www.psychologie-aktuell.info\/reha\/wp-json\/wp\/v2\/users\/1"}],"replies":[{"embeddable":true,"href":"https:\/\/www.psychologie-aktuell.info\/reha\/wp-json\/wp\/v2\/comments?post=1411"}],"version-history":[{"count":3,"href":"https:\/\/www.psychologie-aktuell.info\/reha\/wp-json\/wp\/v2\/posts\/1411\/revisions"}],"predecessor-version":[{"id":1458,"href":"https:\/\/www.psychologie-aktuell.info\/reha\/wp-json\/wp\/v2\/posts\/1411\/revisions\/1458"}],"wp:attachment":[{"href":"https:\/\/www.psychologie-aktuell.info\/reha\/wp-json\/wp\/v2\/media?parent=1411"}],"wp:term":[{"taxonomy":"category","embeddable":true,"href":"https:\/\/www.psychologie-aktuell.info\/reha\/wp-json\/wp\/v2\/categories?post=1411"},{"taxonomy":"post_tag","embeddable":true,"href":"https:\/\/www.psychologie-aktuell.info\/reha\/wp-json\/wp\/v2\/tags?post=1411"}],"curies":[{"name":"wp","href":"https:\/\/api.w.org\/{rel}","templated":true}]}}