{"id":1424,"date":"2010-06-13T20:55:24","date_gmt":"2010-06-13T18:55:24","guid":{"rendered":"http:\/\/www.reha-psychologie.net\/reha\/?p=1424"},"modified":"2010-06-13T18:28:07","modified_gmt":"2010-06-13T16:28:07","slug":"nozizeptives-system","status":"publish","type":"post","link":"https:\/\/www.psychologie-aktuell.info\/reha\/2010\/06\/nozizeptives-system\/","title":{"rendered":"Nozizeptives System"},"content":{"rendered":"<blockquote><p>Damit aus einem nozizeptiven Reiz eine Schmerzempfindung entsteht, ist eine hoch spezialisierte Signalkette n\u00f6tig, die morphologische und funktionelle Elemente beinhaltet. Dazu z\u00e4hlen das Vorhandensein spezifischer Sensoren f\u00fcr unterschiedliche noxische Reizmodalit\u00e4ten ebenso wie die Integration bereits auf spinaler Ebene bis hin zum Zusammenlaufen verschiedener Integrationsprozesse in subkortikalen und kortikalen Arealen. In diesem Beitrag werden die an der nozizeptiven Signalverarbeitung beteiligten Strukturen entsprechend ihrer normalen zeitlich-r\u00e4umlichen Aktivierungsreihenfolge (soweit bekannt) in der Peripherie und im ZNS besprochen. Auf Ebene der <!--more-->peripheren Nervenendigungen wird auf unterschiedliche Rezeptortypen und das vorherrschende Prinzip der Polymodalit\u00e4t eingegangen. Des Weiteren werden die verschiedenen Eing\u00e4nge in die Laminae des Hinterhorns des R\u00fcckenmarks betrachtet, aufsteigende Bahnen sowie absteigende, nozizeptive Eing\u00e4nge modulierende Bahnen mit ihren bekannten Transmittern. Schlie\u00dflich werden mit der Verarbeitung nozizeptiver Information befasste Thalamuskerne, subkortikale und letztendlich kortikale Areale besprochen. Dabei sollen Informationen \u00fcber anatomische Verbindungen aus Tracerstudien und funktionelle Eigenschaften \u00fcber Zellableitungen oder Bildgebungsstudien das aktuelle Bild vervollst\u00e4ndigen.<\/p><\/blockquote>\n<p>Quelle: <a href=\"http:\/\/www.springerlink.com\/content\/35u2235334x0720x\/\">SpringerLink &#8211; Zeitschriftenbeitrag<\/a><\/p>\n","protected":false},"excerpt":{"rendered":"<p>Damit aus einem nozizeptiven Reiz eine Schmerzempfindung entsteht, ist eine hoch spezialisierte Signalkette n\u00f6tig, die morphologische und funktionelle Elemente beinhaltet. Dazu z\u00e4hlen das Vorhandensein spezifischer Sensoren f\u00fcr unterschiedliche noxische Reizmodalit\u00e4ten ebenso wie die Integration bereits auf spinaler Ebene bis hin &hellip; <a href=\"https:\/\/www.psychologie-aktuell.info\/reha\/2010\/06\/nozizeptives-system\/\">Weiterlesen <span class=\"meta-nav\">&rarr;<\/span><\/a><\/p>\n","protected":false},"author":1,"featured_media":0,"comment_status":"open","ping_status":"open","sticky":false,"template":"","format":"standard","meta":{"_jetpack_memberships_contains_paid_content":false,"footnotes":""},"categories":[],"tags":[240,196],"class_list":["post-1424","post","type-post","status-publish","format-standard","hentry","tag-orthopaedie","tag-schmerzen"],"jetpack_featured_media_url":"","jetpack_shortlink":"https:\/\/wp.me\/p1fMVY-mY","jetpack_sharing_enabled":true,"_links":{"self":[{"href":"https:\/\/www.psychologie-aktuell.info\/reha\/wp-json\/wp\/v2\/posts\/1424","targetHints":{"allow":["GET"]}}],"collection":[{"href":"https:\/\/www.psychologie-aktuell.info\/reha\/wp-json\/wp\/v2\/posts"}],"about":[{"href":"https:\/\/www.psychologie-aktuell.info\/reha\/wp-json\/wp\/v2\/types\/post"}],"author":[{"embeddable":true,"href":"https:\/\/www.psychologie-aktuell.info\/reha\/wp-json\/wp\/v2\/users\/1"}],"replies":[{"embeddable":true,"href":"https:\/\/www.psychologie-aktuell.info\/reha\/wp-json\/wp\/v2\/comments?post=1424"}],"version-history":[{"count":1,"href":"https:\/\/www.psychologie-aktuell.info\/reha\/wp-json\/wp\/v2\/posts\/1424\/revisions"}],"predecessor-version":[{"id":1921,"href":"https:\/\/www.psychologie-aktuell.info\/reha\/wp-json\/wp\/v2\/posts\/1424\/revisions\/1921"}],"wp:attachment":[{"href":"https:\/\/www.psychologie-aktuell.info\/reha\/wp-json\/wp\/v2\/media?parent=1424"}],"wp:term":[{"taxonomy":"category","embeddable":true,"href":"https:\/\/www.psychologie-aktuell.info\/reha\/wp-json\/wp\/v2\/categories?post=1424"},{"taxonomy":"post_tag","embeddable":true,"href":"https:\/\/www.psychologie-aktuell.info\/reha\/wp-json\/wp\/v2\/tags?post=1424"}],"curies":[{"name":"wp","href":"https:\/\/api.w.org\/{rel}","templated":true}]}}