{"id":14354,"date":"2020-09-02T19:54:30","date_gmt":"2020-09-02T17:54:30","guid":{"rendered":"https:\/\/www.psychologie-aktuell.info\/reha\/?p=14354"},"modified":"2020-10-25T12:39:28","modified_gmt":"2020-10-25T11:39:28","slug":"39-jahrestagung-reha-psychologie-30-10-01-11-2020","status":"publish","type":"post","link":"https:\/\/www.psychologie-aktuell.info\/reha\/2020\/09\/39-jahrestagung-reha-psychologie-30-10-01-11-2020\/","title":{"rendered":"F\u00e4llt aus! &#8211; 39. Jahrestagung Reha-Psychologie 30.10.-01.11.2020"},"content":{"rendered":"\n<p>Das Leitungsteam Rehapsychologie muss leider mitteilen:<\/p>\n\n\n\n<p>Die <strong>39. Jahrestagung &#8211; 30.10.-01.11.2020 &#8222;<\/strong>PSYCHOLOGISCHE SCHMERZTHERAPIE IN DER MEDIZINISCHEN REHABILITATION&#8220;<\/p>\n\n\n\n<p><strong>findet aus Sicherheitsgr\u00fcnden f\u00fcr alle Beteiligten nicht statt<\/strong>.<\/p>\n\n\n\n<ul class=\"wp-block-list\"><li>Teilnehmer und Referierende werden \u00fcber Ihre Anmelde-Mailadressen informiert.<\/li><li>Das Schreiben zur Absage ist <a href=\"https:\/\/www.bdp-klinische-psychologie.de\/service\/VA2020\/39.JT_Storno.pdf\" target=\"_blank\" rel=\"noreferrer noopener\">HIER<\/a> nachzulesen.<\/li><li>F\u00fcr Ihre Zimmerstornierung: <a href=\"https:\/\/bz-erkner.com\/\" target=\"_blank\" rel=\"noreferrer noopener\">Bildungszentrum Erkner e.V. <\/a>Tel. 03362 769-0<\/li><\/ul>\n\n\n\n<p>Die 40. Jahrestagung Rehapsychologie ist f\u00fcr den 12.-14.11.2021 geplant.<br \/>Da uns das Thema &#8222;&#8220;PSYCHOLOGISCHE SCHMERZTHERAPIE IN DER MEDIZINISCHEN REHABILITATION&#8220; weiterhin sehr wichtig ist, m\u00f6chten wir die Jahrestagung gemeinsam mit der DGPSF im n\u00e4chsten Jahr durchf\u00fchren. Derzeit pr\u00fcfen wir verschiedene M\u00f6glichkeiten.<\/p>\n\n\n\n<p>Tagungsseite: <strong><a href=\"https:\/\/www.bdp-klinische-psychologie.de\/fachgruppen\/gruppe2.shtml\">https:\/\/www.bdp-klinische-psychologie.de\/fachgruppen\/gruppe2.shtml<\/a><\/strong><\/p>\n","protected":false},"excerpt":{"rendered":"<p>Das Leitungsteam Rehapsychologie muss leider mitteilen: Die 39. Jahrestagung &#8211; 30.10.-01.11.2020 &#8222;PSYCHOLOGISCHE SCHMERZTHERAPIE IN DER MEDIZINISCHEN REHABILITATION&#8220; findet aus Sicherheitsgr\u00fcnden f\u00fcr alle Beteiligten nicht statt. Teilnehmer und Referierende werden \u00fcber Ihre Anmelde-Mailadressen informiert. Das Schreiben zur Absage ist HIER nachzulesen. &hellip; <a href=\"https:\/\/www.psychologie-aktuell.info\/reha\/2020\/09\/39-jahrestagung-reha-psychologie-30-10-01-11-2020\/\">Weiterlesen <span class=\"meta-nav\">&rarr;<\/span><\/a><\/p>\n","protected":false},"author":1,"featured_media":0,"comment_status":"closed","ping_status":"closed","sticky":false,"template":"","format":"standard","meta":{"_jetpack_memberships_contains_paid_content":false,"footnotes":""},"categories":[61,57],"tags":[],"class_list":["post-14354","post","type-post","status-publish","format-standard","hentry","category-arbeitskreis-reha","category-jahrestagung"],"jetpack_featured_media_url":"","jetpack_shortlink":"https:\/\/wp.me\/p1fMVY-3Jw","jetpack_sharing_enabled":true,"_links":{"self":[{"href":"https:\/\/www.psychologie-aktuell.info\/reha\/wp-json\/wp\/v2\/posts\/14354","targetHints":{"allow":["GET"]}}],"collection":[{"href":"https:\/\/www.psychologie-aktuell.info\/reha\/wp-json\/wp\/v2\/posts"}],"about":[{"href":"https:\/\/www.psychologie-aktuell.info\/reha\/wp-json\/wp\/v2\/types\/post"}],"author":[{"embeddable":true,"href":"https:\/\/www.psychologie-aktuell.info\/reha\/wp-json\/wp\/v2\/users\/1"}],"replies":[{"embeddable":true,"href":"https:\/\/www.psychologie-aktuell.info\/reha\/wp-json\/wp\/v2\/comments?post=14354"}],"version-history":[{"count":2,"href":"https:\/\/www.psychologie-aktuell.info\/reha\/wp-json\/wp\/v2\/posts\/14354\/revisions"}],"predecessor-version":[{"id":14366,"href":"https:\/\/www.psychologie-aktuell.info\/reha\/wp-json\/wp\/v2\/posts\/14354\/revisions\/14366"}],"wp:attachment":[{"href":"https:\/\/www.psychologie-aktuell.info\/reha\/wp-json\/wp\/v2\/media?parent=14354"}],"wp:term":[{"taxonomy":"category","embeddable":true,"href":"https:\/\/www.psychologie-aktuell.info\/reha\/wp-json\/wp\/v2\/categories?post=14354"},{"taxonomy":"post_tag","embeddable":true,"href":"https:\/\/www.psychologie-aktuell.info\/reha\/wp-json\/wp\/v2\/tags?post=14354"}],"curies":[{"name":"wp","href":"https:\/\/api.w.org\/{rel}","templated":true}]}}