{"id":14396,"date":"2021-04-07T16:37:33","date_gmt":"2021-04-07T14:37:33","guid":{"rendered":"https:\/\/www.psychologie-aktuell.info\/reha\/?p=14396"},"modified":"2021-04-07T16:37:34","modified_gmt":"2021-04-07T14:37:34","slug":"aufruf-zur-teilnahme-am-verdi-versorgungsbarometer","status":"publish","type":"post","link":"https:\/\/www.psychologie-aktuell.info\/reha\/2021\/04\/aufruf-zur-teilnahme-am-verdi-versorgungsbarometer\/","title":{"rendered":"Aufruf zur Teilnahme am &#8222;Verdi Versorgungsbarometer&#8220;"},"content":{"rendered":"\n<blockquote class=\"wp-block-quote is-layout-flow wp-block-quote-is-layout-flow\"><p>Liebe Kolleg*innen,<\/p><p>ver.di startet eine Erhebung zur der Frage, wie sich die Arbeitsbedingungen auf die Versorgungsqualit\u00e4t auswirken, das sog. \u201eVersorgungsbarometer\u201c. Psychiatrische Kliniken werden hierbei gesondert betrachtet.<br \/>Wir haben das im BPtK PTI-Ausschuss diskutiert und halten die Befragung f\u00fcr unterst\u00fctzenswert und <strong>bitten hiermit um Teilnahme<\/strong>. Oft sind Psychotherapeut*innen bei solchen Anliegen unterrepr\u00e4sentiert. Je mehr teilnehmen, desto mehr Grundlage entsteht zur effektiven Interessenvertretung. Daher w\u00e4re toll, wenn auch aus unserer Berufsgruppe Viele teilnehmen, damit wir als Berufsgruppe innerhalb von ver.di besser sichtbar werden.<br \/>Es k\u00f6nnen bis zum 12.05.21 alle teilnehmen (also auch Nicht-Verdi-Mitglieder) unter folgendem Link; geht auch recht fix in 5 Minuten:<\/p><p><a href=\"https:\/\/gesundheit-soziales.verdi.de\/themen\/versorgungsbarometer\">https:\/\/gesundheit-soziales.verdi.de\/themen\/versorgungsbarometer<\/a><\/p><p>Gerne d\u00fcrfen Sie diese Information in Ihren Netzwerken breit streuen.<\/p><p>Vielen Dank im Voraus!<br \/>Es gr\u00fc\u00dft herzlich aus Berlin f\u00fcr den PTI-Ausschuss,<br \/>Christina Jochim<br \/>Stellv. Sprecherin BPtK-PTI Ausschuss<\/p><\/blockquote>\n","protected":false},"excerpt":{"rendered":"<p>Liebe Kolleg*innen, ver.di startet eine Erhebung zur der Frage, wie sich die Arbeitsbedingungen auf die Versorgungsqualit\u00e4t auswirken, das sog. \u201eVersorgungsbarometer\u201c. Psychiatrische Kliniken werden hierbei gesondert betrachtet.Wir haben das im BPtK PTI-Ausschuss diskutiert und halten die Befragung f\u00fcr unterst\u00fctzenswert und bitten &hellip; <a href=\"https:\/\/www.psychologie-aktuell.info\/reha\/2021\/04\/aufruf-zur-teilnahme-am-verdi-versorgungsbarometer\/\">Weiterlesen <span class=\"meta-nav\">&rarr;<\/span><\/a><\/p>\n","protected":false},"author":1,"featured_media":0,"comment_status":"closed","ping_status":"closed","sticky":false,"template":"","format":"standard","meta":{"_jetpack_memberships_contains_paid_content":false,"footnotes":""},"categories":[22,36],"tags":[],"class_list":["post-14396","post","type-post","status-publish","format-standard","hentry","category-allgemein","category-termine"],"jetpack_featured_media_url":"","jetpack_shortlink":"https:\/\/wp.me\/p1fMVY-3Kc","jetpack_sharing_enabled":true,"_links":{"self":[{"href":"https:\/\/www.psychologie-aktuell.info\/reha\/wp-json\/wp\/v2\/posts\/14396","targetHints":{"allow":["GET"]}}],"collection":[{"href":"https:\/\/www.psychologie-aktuell.info\/reha\/wp-json\/wp\/v2\/posts"}],"about":[{"href":"https:\/\/www.psychologie-aktuell.info\/reha\/wp-json\/wp\/v2\/types\/post"}],"author":[{"embeddable":true,"href":"https:\/\/www.psychologie-aktuell.info\/reha\/wp-json\/wp\/v2\/users\/1"}],"replies":[{"embeddable":true,"href":"https:\/\/www.psychologie-aktuell.info\/reha\/wp-json\/wp\/v2\/comments?post=14396"}],"version-history":[{"count":1,"href":"https:\/\/www.psychologie-aktuell.info\/reha\/wp-json\/wp\/v2\/posts\/14396\/revisions"}],"predecessor-version":[{"id":14397,"href":"https:\/\/www.psychologie-aktuell.info\/reha\/wp-json\/wp\/v2\/posts\/14396\/revisions\/14397"}],"wp:attachment":[{"href":"https:\/\/www.psychologie-aktuell.info\/reha\/wp-json\/wp\/v2\/media?parent=14396"}],"wp:term":[{"taxonomy":"category","embeddable":true,"href":"https:\/\/www.psychologie-aktuell.info\/reha\/wp-json\/wp\/v2\/categories?post=14396"},{"taxonomy":"post_tag","embeddable":true,"href":"https:\/\/www.psychologie-aktuell.info\/reha\/wp-json\/wp\/v2\/tags?post=14396"}],"curies":[{"name":"wp","href":"https:\/\/api.w.org\/{rel}","templated":true}]}}