{"id":144,"date":"2007-10-21T16:36:08","date_gmt":"2007-10-21T14:36:08","guid":{"rendered":"http:\/\/reha-psychologie.net\/cgi-bin\/weblog_basic\/index.php?p=12"},"modified":"2007-10-21T16:36:08","modified_gmt":"2007-10-21T14:36:08","slug":"wahl-zurm-ersatzdelegierten-britta-mai-und-sigi-casper","status":"publish","type":"post","link":"https:\/\/www.psychologie-aktuell.info\/reha\/2007\/10\/wahl-zurm-ersatzdelegierten-britta-mai-und-sigi-casper\/","title":{"rendered":"Wahl zur\/m Ersatzdelegierten &#8211; Britta Mai und Sigi Casper"},"content":{"rendered":"<p>Auf der Mitgliederversammlung der Sektion Klinische Psychologie des BDP am 13.10.07 in Dresden wurde Britta Mai (Mitglied im Leitungsteam der Fachgruppe) mit \u00fcberw\u00e4ltigender Mehrheit zur Ersatzdelegierten der Sektion gew\u00e4hlt.<\/p>\n<p>Ebenfalls zum Ersatzmitglied wurde Sigi Casper gew\u00e4hlt. Sigi Casper war auch lange Jahre in der Fachgruppenleitung und ist dem AK noch sehr eng verbunden.<\/p>\n<p>Die Delegiertenkonferenzen ist das demokratische Organ (&#8222;Parlament&#8220;) des BDP und die Delegierten treffen sich 2x im Jahr.<\/p>\n<p>Dieses Ergebnis ist f\u00fcr uns wichtig, denn damit bekommt der AK rechtzeitig von verbandsinternen Entwicklungen und Ver\u00e4nderungen Kenntnis und kann evtl. darauf reagieren.<\/p>\n","protected":false},"excerpt":{"rendered":"<p>Auf der Mitgliederversammlung der Sektion Klinische Psychologie des BDP am 13.10.07 in Dresden wurde Britta Mai (Mitglied im Leitungsteam der Fachgruppe) mit \u00fcberw\u00e4ltigender Mehrheit zur Ersatzdelegierten der Sektion gew\u00e4hlt. Ebenfalls zum Ersatzmitglied wurde Sigi Casper gew\u00e4hlt. Sigi Casper war auch &hellip; <a href=\"https:\/\/www.psychologie-aktuell.info\/reha\/2007\/10\/wahl-zurm-ersatzdelegierten-britta-mai-und-sigi-casper\/\">Weiterlesen <span class=\"meta-nav\">&rarr;<\/span><\/a><\/p>\n","protected":false},"author":1,"featured_media":0,"comment_status":"open","ping_status":"closed","sticky":false,"template":"","format":"standard","meta":{"_jetpack_memberships_contains_paid_content":false,"footnotes":""},"categories":[54],"tags":[],"class_list":["post-144","post","type-post","status-publish","format-standard","hentry","category-bdp-verband"],"jetpack_featured_media_url":"","jetpack_shortlink":"https:\/\/wp.me\/p1fMVY-2k","jetpack_sharing_enabled":true,"_links":{"self":[{"href":"https:\/\/www.psychologie-aktuell.info\/reha\/wp-json\/wp\/v2\/posts\/144","targetHints":{"allow":["GET"]}}],"collection":[{"href":"https:\/\/www.psychologie-aktuell.info\/reha\/wp-json\/wp\/v2\/posts"}],"about":[{"href":"https:\/\/www.psychologie-aktuell.info\/reha\/wp-json\/wp\/v2\/types\/post"}],"author":[{"embeddable":true,"href":"https:\/\/www.psychologie-aktuell.info\/reha\/wp-json\/wp\/v2\/users\/1"}],"replies":[{"embeddable":true,"href":"https:\/\/www.psychologie-aktuell.info\/reha\/wp-json\/wp\/v2\/comments?post=144"}],"version-history":[{"count":0,"href":"https:\/\/www.psychologie-aktuell.info\/reha\/wp-json\/wp\/v2\/posts\/144\/revisions"}],"wp:attachment":[{"href":"https:\/\/www.psychologie-aktuell.info\/reha\/wp-json\/wp\/v2\/media?parent=144"}],"wp:term":[{"taxonomy":"category","embeddable":true,"href":"https:\/\/www.psychologie-aktuell.info\/reha\/wp-json\/wp\/v2\/categories?post=144"},{"taxonomy":"post_tag","embeddable":true,"href":"https:\/\/www.psychologie-aktuell.info\/reha\/wp-json\/wp\/v2\/tags?post=144"}],"curies":[{"name":"wp","href":"https:\/\/api.w.org\/{rel}","templated":true}]}}