{"id":153,"date":"2008-07-29T21:50:28","date_gmt":"2008-07-29T19:50:28","guid":{"rendered":"http:\/\/www.reha-psychologie.net\/reha\/?p=153"},"modified":"2008-07-29T21:52:27","modified_gmt":"2008-07-29T19:52:27","slug":"fatigue-und-deren-determinanten-in-der-radioonkologie","status":"publish","type":"post","link":"https:\/\/www.psychologie-aktuell.info\/reha\/2008\/07\/fatigue-und-deren-determinanten-in-der-radioonkologie\/","title":{"rendered":"Fatigue und deren Determinanten in der Radioonkologie"},"content":{"rendered":"<p><span style=\"font-family: sans-serif;\">Fatigue ist ein h\u00e4ufiges Symptom bei Krebspatienten und beeinflusst deren Lebensqualit\u00e4t.<br \/>\n<strong><br \/>\nZiel <\/strong>der vorliegenden Arbeit ist es, Parameter zu identifizieren, die das Ausma\u00df der Fatig<\/span><span style=\"font-family: sans-serif;\">ue zu Beginn der Strahlentherapie bzw. die Ver\u00e4nderung der Fatigue w\u00e4hrend der Strahlentherapie beeinflussen.<br \/>\n<\/span><\/p>\n<p><!--more--><span style=\"font-family: sans-serif;\">Zu Beginn ihrer Strahlentherapie konnten 239 radioonkologisch behandelte Patienten befragt werden, zum Ende 208 Patienten.<br \/>\nDie Auspr\u00e4gung der Fatigue stieg w\u00e4hrend der Strahlentherapie signifikant an.<br \/>\nDie <strong>Resilienzwerte <\/strong>der Patienten waren <strong>pr\u00e4diktiv f\u00fcr die Fatigue-Auspr\u00e4gung <\/strong>zu Beginn der Strahlentherapie. Ver\u00e4nderungen der Fatigue w\u00e4hrend der Strahlentherapie wurden am besten von der Intensit\u00e4t der Fatigue zu Behandlungsbeginn, von einem abnehmenden H\u00e4moglobinwert sowie von vorangegangenen Therapieerfahrungen vorhergesagt. Fatigue stellt ein ernst zu nehmendes Problem der Strahlentherapie von Tumorpatienten dar. Die Resilienz der Patienten erweist sich als bedeutsamer Pr\u00e4diktor der Fatigue zu Beginn der Strahlentherapie. Dieses Ergebnis ist konform mit anderen Studien, die Resilienz als wesentlichen Pr\u00e4diktor von Lebensqualit\u00e4t und Krankheitsverarbeitung nachweisen.<\/span><\/p>\n<p><span style=\"font-family: sans-serif;\">Quelle: <a href=\"http:\/\/www.thieme-connect.com\/ejournals\/abstract\/ppmp\/doi\/10.1055\/s-2008-1067341\" target=\"_blank\">Thieme-connect<\/a><\/span><\/p>\n<p><span style=\"font-family: sans-serif;\">Psychotherapie &#8211; Psychosomatik &#8211; Medizinische Psychologie<br \/>\n<\/span>DOI: 10.1055\/s-2008-1067341<\/p>\n","protected":false},"excerpt":{"rendered":"<p>Fatigue ist ein h\u00e4ufiges Symptom bei Krebspatienten und beeinflusst deren Lebensqualit\u00e4t. Ziel der vorliegenden Arbeit ist es, Parameter zu identifizieren, die das Ausma\u00df der Fatigue zu Beginn der Strahlentherapie bzw. die Ver\u00e4nderung der Fatigue w\u00e4hrend der Strahlentherapie beeinflussen.<\/p>\n","protected":false},"author":1,"featured_media":0,"comment_status":"open","ping_status":"open","sticky":false,"template":"","format":"standard","meta":{"_jetpack_memberships_contains_paid_content":false,"footnotes":""},"categories":[21],"tags":[62,63,64],"class_list":["post-153","post","type-post","status-publish","format-standard","hentry","category-zeitschriftenartikel","tag-fatigue","tag-resilienz","tag-tumor"],"jetpack_featured_media_url":"","jetpack_shortlink":"https:\/\/wp.me\/p1fMVY-2t","jetpack_sharing_enabled":true,"_links":{"self":[{"href":"https:\/\/www.psychologie-aktuell.info\/reha\/wp-json\/wp\/v2\/posts\/153","targetHints":{"allow":["GET"]}}],"collection":[{"href":"https:\/\/www.psychologie-aktuell.info\/reha\/wp-json\/wp\/v2\/posts"}],"about":[{"href":"https:\/\/www.psychologie-aktuell.info\/reha\/wp-json\/wp\/v2\/types\/post"}],"author":[{"embeddable":true,"href":"https:\/\/www.psychologie-aktuell.info\/reha\/wp-json\/wp\/v2\/users\/1"}],"replies":[{"embeddable":true,"href":"https:\/\/www.psychologie-aktuell.info\/reha\/wp-json\/wp\/v2\/comments?post=153"}],"version-history":[{"count":0,"href":"https:\/\/www.psychologie-aktuell.info\/reha\/wp-json\/wp\/v2\/posts\/153\/revisions"}],"wp:attachment":[{"href":"https:\/\/www.psychologie-aktuell.info\/reha\/wp-json\/wp\/v2\/media?parent=153"}],"wp:term":[{"taxonomy":"category","embeddable":true,"href":"https:\/\/www.psychologie-aktuell.info\/reha\/wp-json\/wp\/v2\/categories?post=153"},{"taxonomy":"post_tag","embeddable":true,"href":"https:\/\/www.psychologie-aktuell.info\/reha\/wp-json\/wp\/v2\/tags?post=153"}],"curies":[{"name":"wp","href":"https:\/\/api.w.org\/{rel}","templated":true}]}}