{"id":189,"date":"2008-09-07T08:30:00","date_gmt":"2008-09-07T06:30:00","guid":{"rendered":"http:\/\/www.reha-psychologie.net\/reha\/?p=189"},"modified":"2008-09-07T08:30:00","modified_gmt":"2008-09-07T06:30:00","slug":"komorbide-psychische-erkrankungen-bei-primaren-kopfschmerzen-haufigkeit-und-klinische-relevanz","status":"publish","type":"post","link":"https:\/\/www.psychologie-aktuell.info\/reha\/2008\/09\/komorbide-psychische-erkrankungen-bei-primaren-kopfschmerzen-haufigkeit-und-klinische-relevanz\/","title":{"rendered":"Komorbide psychische Erkrankungen bei prim\u00e4ren Kopfschmerzen &#8211; H\u00e4ufigkeit und klinische Relevanz"},"content":{"rendered":"<p>Patienten mit prim\u00e4ren Kopfschmerzen haben eine im Vergleich zur Normalbev\u00f6lkerung erh\u00f6hte Wahrscheinlichkeit an einer psychischen komorbiden Erkrankung, insbesondere Angst und Depression, zu leiden.<\/p>\n<p>Quelle: <a href=\"http:\/\/www.thieme-connect.com\/DOI\/DOI10.1055\/s-0028-1087113\">Thieme eJournals &#8211; Abstract<\/a><\/p>\n","protected":false},"excerpt":{"rendered":"<p>Patienten mit prim\u00e4ren Kopfschmerzen haben eine im Vergleich zur Normalbev\u00f6lkerung erh\u00f6hte Wahrscheinlichkeit an einer psychischen komorbiden Erkrankung, insbesondere Angst und Depression, zu leiden. Quelle: Thieme eJournals &#8211; Abstract<\/p>\n","protected":false},"author":1,"featured_media":0,"comment_status":"open","ping_status":"closed","sticky":false,"template":"","format":"standard","meta":{"_jetpack_memberships_contains_paid_content":false,"footnotes":""},"categories":[22],"tags":[],"class_list":["post-189","post","type-post","status-publish","format-standard","hentry","category-allgemein"],"jetpack_featured_media_url":"","jetpack_shortlink":"https:\/\/wp.me\/p1fMVY-33","jetpack_sharing_enabled":true,"_links":{"self":[{"href":"https:\/\/www.psychologie-aktuell.info\/reha\/wp-json\/wp\/v2\/posts\/189","targetHints":{"allow":["GET"]}}],"collection":[{"href":"https:\/\/www.psychologie-aktuell.info\/reha\/wp-json\/wp\/v2\/posts"}],"about":[{"href":"https:\/\/www.psychologie-aktuell.info\/reha\/wp-json\/wp\/v2\/types\/post"}],"author":[{"embeddable":true,"href":"https:\/\/www.psychologie-aktuell.info\/reha\/wp-json\/wp\/v2\/users\/1"}],"replies":[{"embeddable":true,"href":"https:\/\/www.psychologie-aktuell.info\/reha\/wp-json\/wp\/v2\/comments?post=189"}],"version-history":[{"count":0,"href":"https:\/\/www.psychologie-aktuell.info\/reha\/wp-json\/wp\/v2\/posts\/189\/revisions"}],"wp:attachment":[{"href":"https:\/\/www.psychologie-aktuell.info\/reha\/wp-json\/wp\/v2\/media?parent=189"}],"wp:term":[{"taxonomy":"category","embeddable":true,"href":"https:\/\/www.psychologie-aktuell.info\/reha\/wp-json\/wp\/v2\/categories?post=189"},{"taxonomy":"post_tag","embeddable":true,"href":"https:\/\/www.psychologie-aktuell.info\/reha\/wp-json\/wp\/v2\/tags?post=189"}],"curies":[{"name":"wp","href":"https:\/\/api.w.org\/{rel}","templated":true}]}}