{"id":1917,"date":"2010-06-11T01:08:38","date_gmt":"2010-06-10T23:08:38","guid":{"rendered":"http:\/\/www.psychologie-aktuell.info\/reha\/?p=1917"},"modified":"2010-06-11T01:08:38","modified_gmt":"2010-06-10T23:08:38","slug":"rehaupdate-psychische-stoerungen-und-deren-behandlung-in-der-somatischen-rehabilitation","status":"publish","type":"post","link":"https:\/\/www.psychologie-aktuell.info\/reha\/2010\/06\/rehaupdate-psychische-stoerungen-und-deren-behandlung-in-der-somatischen-rehabilitation\/","title":{"rendered":"REHAUPDATE: Psychische St\u00f6rungen  und deren Behandlung  in der somatischen  Rehabilitation"},"content":{"rendered":"<p><strong>Fortbildungsveranstaltung am Freitag, 25. Juni 2010, 13.30 bis 17.30 Uhr<\/strong><br \/>\nH\u00f6rsaal Institut f\u00fcr Psychologie, Universit\u00e4t Freiburg, Engelbergerstr. 41<br \/>\n<a href=\"http:\/\/www.fr.reha-verbund.de\" target=\"_blank\">www.fr.reha-verbund.de<\/a><\/p>\n<p>13.30 &#8211; 14.00 Uhr<br \/>\n<strong>Einf\u00fchrung: Psychische St\u00f6rungen in der somatischen Rehabilitation<\/strong><br \/>\nDer enge Zusammenhang zwischen somatischen Erkrankungen und psychischen Beschwerden ist durch viele Studien gut belegt. Gerade in der medizinischen Rehabilitation m\u00fcssen <!--more-->komorbide psychische Belastungen und St\u00f6rungen diagnostiziert und mitbehandelt werden. Im Vortrag werden die negativen Auswirkungen komorbider psychischer St\u00f6rungen auf Morbidit\u00e4t, Mortalit\u00e4t, Lebensqualit\u00e4t und Kosten f\u00fcr das Gesundheitswesen sowie die Pr\u00e4valenzen in wichtigen Indikationsbereichen der somatischen Rehabilitation berichtet.<br \/>\nReferent<br \/>\nProf. Dr. Dr. J\u00fcrgen Bengel<\/p>\n<p>14.00 &#8211; 15.00 Uhr<br \/>\n<strong>Strukturen und Praxis der Psychologischen Dienste in der kardialen und orthop\u00e4dischen Rehabilitation<\/strong><br \/>\nOb psychische Komorbidit\u00e4t in der somatischen Rehabilitation erkannt und behandelt wird, h\u00e4ngt in hohem Ma\u00dfe von den Strukturen und Prozessen in den Einrichtungen ab.<br \/>\nDabei spielen neben dem Personalschl\u00fcssel vor allem die Art und Weise der Zuweisung von PatientInnen, Diagnostik und Behandlung, Dokumentation sowie Nachsorge eine entscheidende Rolle. Im Rahmen einer Erhebung bei allen Psychologischen Diensten der kardiologischen und orthop\u00e4dischen Rehabilitations-<br \/>\neinrichtungen in Deutschland haben wir diese Voraussetzungen untersucht.<br \/>\nReferentInnen<br \/>\nPriv.-Doz. Dr. Oskar Mittag<br \/>\nDipl.-Psych. Christina Reese<\/p>\n<p>15.30 &#8211; 16.30 Uhr<br \/>\n<strong>Diagnostik f\u00fcr psychische Belastungen und St\u00f6rungen in der somatischen Rehabilitation <\/strong><br \/>\nVoraussetzung f\u00fcr eine ad\u00e4quate Behandlung und Dokumentation der komorbiden psychischen Belastungen und St\u00f6rungen ist das Erkennen der psychischen Komorbidit\u00e4t. Der Vortrag bietet einen kompakten \u00dcberblick \u00fcber psychodiagnostische M\u00f6glichkeiten in der somatischen Rehabilitation. Zudem werden basierend auf Ergebnissen einer Implementierungsstudie Handlungsm\u00f6glichkeiten f\u00fcr das erfolgreiche Umsetzen einer<br \/>\npsychodiagnostischen Klinikroutine vorgestellt.<br \/>\nReferentInnen<br \/>\nDr. Harald Baumeister<br \/>\nDipl.-Psych. Jeanette Jahed<\/p>\n<p>16.30 &#8211; 17.30 Uhr<br \/>\n<strong>Behandlung psychischer Belastungen und St\u00f6rungen in der onkologischen Rehabilitation <\/strong><br \/>\nTumorpatienten in der Rehabilitation weisen hohe psychische Belastungswerte auf und zeigen zu einem Prozentsatz von ca. 30% auch psychische Folgest\u00f6rungen. Der Vortrag gibt einen \u00dcberblick \u00fcber die aktuellen psychologischen Behandlungskonzepte in der onkologischen Rehabilitation und stellt den aktuellen<br \/>\nForschungstand zur Evaluation dieser Interventionen vor.<br \/>\nReferent<br \/>\nProf. Dr. Joachim Weis<\/p>\n<p><a href=\"https:\/\/www.psychologie-aktuell.info\/reha\/wp-content\/uploads\/2010\/06\/reha_update_Juni10.pdf\">Flyer<\/a><\/p>\n","protected":false},"excerpt":{"rendered":"<p>Fortbildungsveranstaltung am Freitag, 25. Juni 2010, 13.30 bis 17.30 Uhr H\u00f6rsaal Institut f\u00fcr Psychologie, Universit\u00e4t Freiburg, Engelbergerstr. 41 www.fr.reha-verbund.de 13.30 &#8211; 14.00 Uhr Einf\u00fchrung: Psychische St\u00f6rungen in der somatischen Rehabilitation Der enge Zusammenhang zwischen somatischen Erkrankungen und psychischen Beschwerden ist &hellip; <a href=\"https:\/\/www.psychologie-aktuell.info\/reha\/2010\/06\/rehaupdate-psychische-stoerungen-und-deren-behandlung-in-der-somatischen-rehabilitation\/\">Weiterlesen <span class=\"meta-nav\">&rarr;<\/span><\/a><\/p>\n","protected":false},"author":1,"featured_media":0,"comment_status":"open","ping_status":"open","sticky":false,"template":"","format":"standard","meta":{"_jetpack_memberships_contains_paid_content":false,"footnotes":""},"categories":[36],"tags":[71],"class_list":["post-1917","post","type-post","status-publish","format-standard","hentry","category-termine","tag-fortbildung"],"jetpack_featured_media_url":"","jetpack_shortlink":"https:\/\/wp.me\/p1fMVY-uV","jetpack_sharing_enabled":true,"_links":{"self":[{"href":"https:\/\/www.psychologie-aktuell.info\/reha\/wp-json\/wp\/v2\/posts\/1917","targetHints":{"allow":["GET"]}}],"collection":[{"href":"https:\/\/www.psychologie-aktuell.info\/reha\/wp-json\/wp\/v2\/posts"}],"about":[{"href":"https:\/\/www.psychologie-aktuell.info\/reha\/wp-json\/wp\/v2\/types\/post"}],"author":[{"embeddable":true,"href":"https:\/\/www.psychologie-aktuell.info\/reha\/wp-json\/wp\/v2\/users\/1"}],"replies":[{"embeddable":true,"href":"https:\/\/www.psychologie-aktuell.info\/reha\/wp-json\/wp\/v2\/comments?post=1917"}],"version-history":[{"count":2,"href":"https:\/\/www.psychologie-aktuell.info\/reha\/wp-json\/wp\/v2\/posts\/1917\/revisions"}],"predecessor-version":[{"id":1920,"href":"https:\/\/www.psychologie-aktuell.info\/reha\/wp-json\/wp\/v2\/posts\/1917\/revisions\/1920"}],"wp:attachment":[{"href":"https:\/\/www.psychologie-aktuell.info\/reha\/wp-json\/wp\/v2\/media?parent=1917"}],"wp:term":[{"taxonomy":"category","embeddable":true,"href":"https:\/\/www.psychologie-aktuell.info\/reha\/wp-json\/wp\/v2\/categories?post=1917"},{"taxonomy":"post_tag","embeddable":true,"href":"https:\/\/www.psychologie-aktuell.info\/reha\/wp-json\/wp\/v2\/tags?post=1917"}],"curies":[{"name":"wp","href":"https:\/\/api.w.org\/{rel}","templated":true}]}}